{"id":343008,"date":"2025-08-14T01:57:16","date_gmt":"2025-08-14T01:57:16","guid":{"rendered":"https:\/\/www.europesays.com\/de\/343008\/"},"modified":"2025-08-14T01:57:16","modified_gmt":"2025-08-14T01:57:16","slug":"terrence-boyd-mit-fuenferpack-waldhof-mannheim-siegt-im-landespokal-fussball","status":"publish","type":"post","link":"https:\/\/www.europesays.com\/de\/343008\/","title":{"rendered":"Terrence Boyd mit F\u00fcnferpack: Waldhof Mannheim siegt im Landespokal &#8211; Fu\u00dfball"},"content":{"rendered":"<p><b\/>Der entlassene Trainer von <a class=\"rtr-entity\" data-rtr-entity=\"Waldhof\" data-rtr-id=\"1a3016d0cc64004e3b21b8ea8c213eaaa9806271\" data-rtr-score=\"43.81853281853282\" data-rtr-etype=\"location\" data-rtr-index=\"8\" href=\"https:\/\/www.rheinpfalz.de\/themen\/waldhof?utm_source=rheinpfalz.de&amp;utm_medium=tms&amp;utm_campaign=intext\" target=\"_blank\" rel=\"noopener\">Waldhof<\/a> <a class=\"rtr-entity\" data-rtr-entity=\"Mannheim\" data-rtr-id=\"8e39f98d121d00ffdaf4f78a2ae2e7dea2653ba7\" data-rtr-score=\"43.54054054054054\" data-rtr-etype=\"location\" data-rtr-index=\"7\" href=\"https:\/\/www.rheinpfalz.de\/lokal\/mannheim.html?utm_source=rheinpfalz.de&amp;utm_medium=tms&amp;utm_campaign=intext\" target=\"_blank\" rel=\"noopener\">Mannheim<\/a> hatte <a class=\"rtr-entity\" data-rtr-entity=\"Terrence Boyd\" data-rtr-id=\"8a131bd939baed793f230174e3c2a071f279d6a9\" data-rtr-score=\"170.82625482625483\" data-rtr-etype=\"person\" data-rtr-index=\"2\" href=\"https:\/\/www.rheinpfalz.de\/themen\/terrence-boyd?utm_source=rheinpfalz.de&amp;utm_medium=tms&amp;utm_campaign=intext\" target=\"_blank\" rel=\"noopener\">Terrence Boyd<\/a> auf die Trib\u00fcne gesetzt, der neue Mann an der Seitenlinie stellte ihn in den Sturm \u2013 und prompt traf Boyd gleich f\u00fcnfmal. Beim Deb\u00fct von Coach Luc Holtz siegte der Drittligist im Achtelfinale des Badischen Landespokals am Mittwochabend 7:1 (2:0) beim Verbandsligisten  <a class=\"rtr-entity\" data-rtr-entity=\"SpVgg Neckarelz\" data-rtr-id=\"2138570e9df7c3e486675d984324eb2c505ad773\" data-rtr-score=\"11.061776061776063\" data-rtr-etype=\"organisation\" data-rtr-index=\"0\" href=\"https:\/\/www.rheinpfalz.de\/themen\/spvgg-neckarelz?utm_source=rheinpfalz.de&amp;utm_medium=tms&amp;utm_campaign=intext\" target=\"_blank\" rel=\"noopener\">SpVgg Neckarelz<\/a>. Boyd erzielte die F\u00fchrung f\u00fcr den Waldhof (26.), Rico Benatelli erh\u00f6hte (30.). Zwar verk\u00fcrzte Neckarelz zu Beginn der zweiten Halbzeit, doch Boyd hatte die richtigen Antworten parat (49., 56., 77.) und holte sich ordentlich Selbstvertrauen nach der Ausmusterung. Zwischenzeitlich erh\u00f6hte Djayson Mendes weiter (78.), den Schlusspunkt zum 7:1 lie\u00df sich Boyd nicht nehmen (84.). <a href=\"https:\/\/www.rheinpfalz.de\/lokal\/pfalz-ticker_artikel,-waldhof-mannheim-entl%C3%A4sst-trainer-glawogger-_arid,5801500.html\" target=\"_blank\" class=\"external-link-new-window\" title=\"\" rel=\"noopener\">Am Montag hatte Mannheim seinen Coach Dominik Glawogger<\/a> entlassen und  einen Tag sp\u00e4ter <a href=\"https:\/\/www.rheinpfalz.de\/sport_artikel,-der-neue-waldhof-trainer-luc-holtz-muss-einen-crashkurs-machen-_arid,5801748.html\" target=\"_blank\" class=\"external-link-new-window\" title=\"\" rel=\"noopener\">den bisherigen luxemburgischen Nationaltrainer Holtz als Nachfolger pr\u00e4sentiert<\/a>.<\/p>\n","protected":false},"excerpt":{"rendered":"Der entlassene Trainer von Waldhof Mannheim hatte Terrence Boyd auf die Trib\u00fcne gesetzt, der neue Mann an der&hellip;\n","protected":false},"author":2,"featured_media":343009,"comment_status":"","ping_status":"","sticky":false,"template":"","format":"standard","meta":{"footnotes":""},"categories":[1845],"tags":[1634,3364,29,68959,548,663,3934,30,13,4060,49871,2096,14,95962,15,95963,12,95961,94932,23297],"class_list":{"0":"post-343008","1":"post","2":"type-post","3":"status-publish","4":"format-standard","5":"has-post-thumbnail","7":"category-mannheim","8":"tag-baden-wuerttemberg","9":"tag-de","10":"tag-deutschland","11":"tag-drittligist","12":"tag-eu","13":"tag-europa","14":"tag-europe","15":"tag-germany","16":"tag-headlines","17":"tag-lokal","18":"tag-luc-holtz","19":"tag-mannheim","20":"tag-nachrichten","21":"tag-neckarelz","22":"tag-news","23":"tag-rico-benatelli","24":"tag-schlagzeilen","25":"tag-spvgg-neckarelz","26":"tag-terrence-boyd","27":"tag-waldhof"},"share_on_mastodon":{"url":"https:\/\/pubeurope.com\/@de\/115024641706950992","error":""},"_links":{"self":[{"href":"https:\/\/www.europesays.com\/de\/wp-json\/wp\/v2\/posts\/343008","targetHints":{"allow":["GET"]}}],"collection":[{"href":"https:\/\/www.europesays.com\/de\/wp-json\/wp\/v2\/posts"}],"about":[{"href":"https:\/\/www.europesays.com\/de\/wp-json\/wp\/v2\/types\/post"}],"author":[{"embeddable":true,"href":"https:\/\/www.europesays.com\/de\/wp-json\/wp\/v2\/users\/2"}],"replies":[{"embeddable":true,"href":"https:\/\/www.europesays.com\/de\/wp-json\/wp\/v2\/comments?post=343008"}],"version-history":[{"count":0,"href":"https:\/\/www.europesays.com\/de\/wp-json\/wp\/v2\/posts\/343008\/revisions"}],"wp:featuredmedia":[{"embeddable":true,"href":"https:\/\/www.europesays.com\/de\/wp-json\/wp\/v2\/media\/343009"}],"wp:attachment":[{"href":"https:\/\/www.europesays.com\/de\/wp-json\/wp\/v2\/media?parent=343008"}],"wp:term":[{"taxonomy":"category","embeddable":true,"href":"https:\/\/www.europesays.com\/de\/wp-json\/wp\/v2\/categories?post=343008"},{"taxonomy":"post_tag","embeddable":true,"href":"https:\/\/www.europesays.com\/de\/wp-json\/wp\/v2\/tags?post=343008"}],"curies":[{"name":"wp","href":"https:\/\/api.w.org\/{rel}","templated":true}]}}