{"id":343212,"date":"2025-08-14T03:52:10","date_gmt":"2025-08-14T03:52:10","guid":{"rendered":"https:\/\/www.europesays.com\/de\/343212\/"},"modified":"2025-08-14T03:52:10","modified_gmt":"2025-08-14T03:52:10","slug":"neue-trasse-statt-alpha-e-fragen-und-antworten-zu-den-bahn-plaenen-fuer-hannover-hamburg","status":"publish","type":"post","link":"https:\/\/www.europesays.com\/de\/343212\/","title":{"rendered":"Neue Trasse statt Alpha E? Fragen und Antworten zu den Bahn-Pl\u00e4nen f\u00fcr Hannover\u2013Hamburg"},"content":{"rendered":"<p class=\"Textstyled__Text-sc-1cqv9mi-0 cLyiiX ArticleHeadstyled__ArticleSubHeadline-sc-tdzyy5-11 dyhfiJ\">Zugausf\u00e4lle, chronische Versp\u00e4tungen, unzufriedene Bahnkunden: Die Kapazit\u00e4tsgrenze des Schienennetzes zwischen Hannover und Hamburg ist \u00fcberschritten. Aber die Nachfrage wird steigen. Also Neubau oder Ausbau der Strecke? Dar\u00fcber wird seit mehr als zehn Jahren erbittert gestritten. Worum es dabei im Kern geht \u2013 hier sind die Antworten auf die wichtigsten Fragen.<\/p>\n","protected":false},"excerpt":{"rendered":"Zugausf\u00e4lle, chronische Versp\u00e4tungen, unzufriedene Bahnkunden: Die Kapazit\u00e4tsgrenze des Schienennetzes zwischen Hannover und Hamburg ist \u00fcberschritten. Aber die Nachfrage&hellip;\n","protected":false},"author":2,"featured_media":343213,"comment_status":"","ping_status":"","sticky":false,"template":"","format":"standard","meta":{"footnotes":""},"categories":[1836],"tags":[3364,29,30,46,1411],"class_list":{"0":"post-343212","1":"post","2":"type-post","3":"status-publish","4":"format-standard","5":"has-post-thumbnail","7":"category-hannover","8":"tag-de","9":"tag-deutschland","10":"tag-germany","11":"tag-hannover","12":"tag-niedersachsen"},"share_on_mastodon":{"url":"https:\/\/pubeurope.com\/@de\/115025093885583893","error":""},"_links":{"self":[{"href":"https:\/\/www.europesays.com\/de\/wp-json\/wp\/v2\/posts\/343212","targetHints":{"allow":["GET"]}}],"collection":[{"href":"https:\/\/www.europesays.com\/de\/wp-json\/wp\/v2\/posts"}],"about":[{"href":"https:\/\/www.europesays.com\/de\/wp-json\/wp\/v2\/types\/post"}],"author":[{"embeddable":true,"href":"https:\/\/www.europesays.com\/de\/wp-json\/wp\/v2\/users\/2"}],"replies":[{"embeddable":true,"href":"https:\/\/www.europesays.com\/de\/wp-json\/wp\/v2\/comments?post=343212"}],"version-history":[{"count":0,"href":"https:\/\/www.europesays.com\/de\/wp-json\/wp\/v2\/posts\/343212\/revisions"}],"wp:featuredmedia":[{"embeddable":true,"href":"https:\/\/www.europesays.com\/de\/wp-json\/wp\/v2\/media\/343213"}],"wp:attachment":[{"href":"https:\/\/www.europesays.com\/de\/wp-json\/wp\/v2\/media?parent=343212"}],"wp:term":[{"taxonomy":"category","embeddable":true,"href":"https:\/\/www.europesays.com\/de\/wp-json\/wp\/v2\/categories?post=343212"},{"taxonomy":"post_tag","embeddable":true,"href":"https:\/\/www.europesays.com\/de\/wp-json\/wp\/v2\/tags?post=343212"}],"curies":[{"name":"wp","href":"https:\/\/api.w.org\/{rel}","templated":true}]}}