{"id":343251,"date":"2025-08-14T04:12:14","date_gmt":"2025-08-14T04:12:14","guid":{"rendered":"https:\/\/www.europesays.com\/de\/343251\/"},"modified":"2025-08-14T04:12:14","modified_gmt":"2025-08-14T04:12:14","slug":"vergnuegen-mit-gefahren-baden-in-bayerns-fluessen-2","status":"publish","type":"post","link":"https:\/\/www.europesays.com\/de\/343251\/","title":{"rendered":"Vergn\u00fcgen mit Gefahren &#8211; Baden in Bayerns Fl\u00fcssen"},"content":{"rendered":"<p>Vergn\u00fcgen mit Gefahren &#8211; Baden in Bayerns Fl\u00fcssen<\/p>\n<p>  <img loading=\"lazy\" decoding=\"async\" src=\"https:\/\/www.europesays.com\/de\/wp-content\/uploads\/2025\/08\/1798569_1_fullwidth_Abkuehlung_gefaellig_In_der_Isar_in_Muenchen_ist_das_moeglich._.jpeg\" alt=\"Sonne in M\u00fcnchen\" title=\"Sonne in M\u00fcnchen\" width=\"1050\" height=\"606\"\/><\/p>\n<p>Bildtext einblenden<\/p>\n<p>Abk\u00fchlung gef\u00e4llig? In der Isar in M\u00fcnchen ist das m\u00f6glich. Foto: Sven Hoppe\/DPA <img loading=\"lazy\" decoding=\"async\" src=\"https:\/\/www.europesays.com\/de\/wp-content\/uploads\/2025\/08\/1798570_1_fullwidth_Die_Stadt_Muenchen_hat_offiziell_ausgewiesen_wo_man_in_der_Isar_baden_darf._Arch.jpeg\" alt=\"Sommerhitze in Deutschland\" title=\"Sommerhitze in Deutschland\" width=\"1050\" height=\"606\"\/><\/p>\n<p>Bildtext einblenden<\/p>\n<p>Die Stadt M\u00fcnchen hat offiziell ausgewiesen, wo man in der Isar baden darf. (Archivbild) Foto: Sven Hoppe\/DPA <img loading=\"lazy\" decoding=\"async\" src=\"https:\/\/www.europesays.com\/de\/wp-content\/uploads\/2025\/08\/1798571_1_fullwidth_Im_Juli_starb_ein_17-Jaehriger_im_Main_die_Rettungskraefte_hatten_nach_seiner_Le.jpeg\" alt=\"Polizei findet Leiche nach Badeunfall von Jugendlichem\" title=\"Polizei findet Leiche nach Badeunfall von Jugendlichem\" width=\"1050\" height=\"606\"\/><\/p>\n<p>Bildtext einblenden<\/p>\n<p>Im Juli starb ein 17-J\u00e4hriger im Main, die Rettungskr\u00e4fte hatten nach seiner Leiche gesucht. (Archivbild) Foto: Julien Becker\/DPA <\/p>\n","protected":false},"excerpt":{"rendered":"Vergn\u00fcgen mit Gefahren &#8211; Baden in Bayerns Fl\u00fcssen Bildtext einblenden Abk\u00fchlung gef\u00e4llig? In der Isar in M\u00fcnchen ist&hellip;\n","protected":false},"author":2,"featured_media":343252,"comment_status":"","ping_status":"","sticky":false,"template":"","format":"standard","meta":{"footnotes":""},"categories":[1827],"tags":[772,6248,29,30,1268,14,6249,15,6250],"class_list":{"0":"post-343251","1":"post","2":"type-post","3":"status-publish","4":"format-standard","5":"has-post-thumbnail","7":"category-muenchen","8":"tag-bayern","9":"tag-bayern-nachrichten","10":"tag-deutschland","11":"tag-germany","12":"tag-muenchen","13":"tag-nachrichten","14":"tag-nachrichten-aus-bayern","15":"tag-news","16":"tag-news-aus-bayern"},"share_on_mastodon":{"url":"https:\/\/pubeurope.com\/@de\/115025172749862236","error":""},"_links":{"self":[{"href":"https:\/\/www.europesays.com\/de\/wp-json\/wp\/v2\/posts\/343251","targetHints":{"allow":["GET"]}}],"collection":[{"href":"https:\/\/www.europesays.com\/de\/wp-json\/wp\/v2\/posts"}],"about":[{"href":"https:\/\/www.europesays.com\/de\/wp-json\/wp\/v2\/types\/post"}],"author":[{"embeddable":true,"href":"https:\/\/www.europesays.com\/de\/wp-json\/wp\/v2\/users\/2"}],"replies":[{"embeddable":true,"href":"https:\/\/www.europesays.com\/de\/wp-json\/wp\/v2\/comments?post=343251"}],"version-history":[{"count":0,"href":"https:\/\/www.europesays.com\/de\/wp-json\/wp\/v2\/posts\/343251\/revisions"}],"wp:featuredmedia":[{"embeddable":true,"href":"https:\/\/www.europesays.com\/de\/wp-json\/wp\/v2\/media\/343252"}],"wp:attachment":[{"href":"https:\/\/www.europesays.com\/de\/wp-json\/wp\/v2\/media?parent=343251"}],"wp:term":[{"taxonomy":"category","embeddable":true,"href":"https:\/\/www.europesays.com\/de\/wp-json\/wp\/v2\/categories?post=343251"},{"taxonomy":"post_tag","embeddable":true,"href":"https:\/\/www.europesays.com\/de\/wp-json\/wp\/v2\/tags?post=343251"}],"curies":[{"name":"wp","href":"https:\/\/api.w.org\/{rel}","templated":true}]}}