{"id":343321,"date":"2025-08-14T04:49:15","date_gmt":"2025-08-14T04:49:15","guid":{"rendered":"https:\/\/www.europesays.com\/de\/343321\/"},"modified":"2025-08-14T04:49:15","modified_gmt":"2025-08-14T04:49:15","slug":"dr-carsten-guenther-ist-neuer-praesident-des-oberverwaltungsgerichts-in-muenster","status":"publish","type":"post","link":"https:\/\/www.europesays.com\/de\/343321\/","title":{"rendered":"Dr. Carsten G\u00fcnther ist neuer Pr\u00e4sident des Oberverwaltungsgerichts in M\u00fcnster"},"content":{"rendered":"<p><img fetchpriority=\"high\" decoding=\"async\" width=\"1000\" height=\"583\" data-id=\"57981\" src=\"https:\/\/www.rechtundpolitik.com\/wp-content\/uploads\/2025\/08\/Dr.-Carsten-Guenther-ist-neuer-Praesident-des-Oberverwaltungsgerichts-in-Muenster.avif\" alt=\"\" class=\"wp-image-57981\"  \/>Dr. Benjamin Limbach (re.) und Dr. Carsten G\u00fcnther<br \/>Quelle: Justiz NRW<\/p>\n<p>Dr. Carsten G\u00fcnther ist der neue Pr\u00e4sident des Oberverwaltungsgerichts f\u00fcr das Land Nordrhein-Westfalen in M\u00fcnster. Er folgt auf Dr. Ricarda Brandts, die im Mai 2021 in den Ruhestand getreten ist.<\/p>\n<p>Minister der Justiz Dr. Benjamin Limbach nahm die Aush\u00e4ndigung der Ernennungsurkunde am Mittwoch, 13. August 2025, zum Anlass, dem ehemaligen und dem aktuellen Vizepr\u00e4sidenten des Oberverwaltungsgerichts, Sebastian Beimesche und J\u00f6rg Sander, f\u00fcr die hervorragende Leitung in der Vakanz des Oberverwaltungsgerichts zu danken.<\/p>\n<p>Dr. Carsten G\u00fcnther begann seine richterliche Laufbahn im Jahr 2000 bei dem Verwaltungsgericht K\u00f6ln. Ab 2003 erfolgten zum Teil mehrj\u00e4hrige Abordnungen an das Bundesministerium der Justiz, an die Staatskanzlei des Landes Nordrhein-Westfalen und schlie\u00dflich von 2007 bis 2010 an das Justizministerium des Landes Nordrhein-Westfalen. Im September 2009 wurde er zum Richter am Oberverwaltungsgericht und im September 2013 unter Versetzung an das Verwaltungsgericht D\u00fcsseldorf zum Vorsitzenden Richter am Verwaltungsgericht ernannt. Im Juni 2015 folgte die Ernennung zum Richter am Bundesverwaltungsgericht. Dort nahm er zudem \u00fcber viele Jahre die Aufgaben des Pr\u00e4sidialrichters wahr.<\/p>\n<p>Von 2010 bis 2015 war Dr. Carsten G\u00fcnther Vorsitzender der Vereinigung der Verwaltungsrichterinnen und Verwaltungsrichter des Landes Nordrhein-Westfalen. Er ist verheiratet und hat zwei erwachsene Kinder.<\/p>\n<p class=\"has-text-align-right\" style=\"font-size:8px\">JM NRW, 13.08.2025<\/p>\n<p>Beitrags-Navigation<\/p>\n","protected":false},"excerpt":{"rendered":"Dr. Benjamin Limbach (re.) und Dr. Carsten G\u00fcntherQuelle: Justiz NRW Dr. Carsten G\u00fcnther ist der neue Pr\u00e4sident des&hellip;\n","protected":false},"author":2,"featured_media":343322,"comment_status":"","ping_status":"","sticky":false,"template":"","format":"standard","meta":{"footnotes":""},"categories":[1843],"tags":[3364,29,30,8970,1209,13564,10],"class_list":{"0":"post-343321","1":"post","2":"type-post","3":"status-publish","4":"format-standard","5":"has-post-thumbnail","7":"category-muenster","8":"tag-de","9":"tag-deutschland","10":"tag-germany","11":"tag-muenster","12":"tag-nordrhein-westfalen","13":"tag-personalie","14":"tag-top-news"},"share_on_mastodon":{"url":"https:\/\/pubeurope.com\/@de\/115025318035640168","error":""},"_links":{"self":[{"href":"https:\/\/www.europesays.com\/de\/wp-json\/wp\/v2\/posts\/343321","targetHints":{"allow":["GET"]}}],"collection":[{"href":"https:\/\/www.europesays.com\/de\/wp-json\/wp\/v2\/posts"}],"about":[{"href":"https:\/\/www.europesays.com\/de\/wp-json\/wp\/v2\/types\/post"}],"author":[{"embeddable":true,"href":"https:\/\/www.europesays.com\/de\/wp-json\/wp\/v2\/users\/2"}],"replies":[{"embeddable":true,"href":"https:\/\/www.europesays.com\/de\/wp-json\/wp\/v2\/comments?post=343321"}],"version-history":[{"count":0,"href":"https:\/\/www.europesays.com\/de\/wp-json\/wp\/v2\/posts\/343321\/revisions"}],"wp:featuredmedia":[{"embeddable":true,"href":"https:\/\/www.europesays.com\/de\/wp-json\/wp\/v2\/media\/343322"}],"wp:attachment":[{"href":"https:\/\/www.europesays.com\/de\/wp-json\/wp\/v2\/media?parent=343321"}],"wp:term":[{"taxonomy":"category","embeddable":true,"href":"https:\/\/www.europesays.com\/de\/wp-json\/wp\/v2\/categories?post=343321"},{"taxonomy":"post_tag","embeddable":true,"href":"https:\/\/www.europesays.com\/de\/wp-json\/wp\/v2\/tags?post=343321"}],"curies":[{"name":"wp","href":"https:\/\/api.w.org\/{rel}","templated":true}]}}