{"id":343730,"date":"2025-08-14T08:48:14","date_gmt":"2025-08-14T08:48:14","guid":{"rendered":"https:\/\/www.europesays.com\/de\/343730\/"},"modified":"2025-08-14T08:48:14","modified_gmt":"2025-08-14T08:48:14","slug":"kiel-feuer-in-mettenhofer-hochhaus-am-14-8-2025","status":"publish","type":"post","link":"https:\/\/www.europesays.com\/de\/343730\/","title":{"rendered":"Kiel: Feuer in Mettenhofer Hochhaus am 14.8.2025"},"content":{"rendered":"<p>Brand im Mehrfamilienhaus<\/p>\n<p>Kiel: Feuer in Mettenhofer Hochhaus &#8211; L\u00f6scharbeiten im achten Stock<\/p>\n<p>Anh\u00f6renApp \u00f6ffnen<\/p>\n<p class=\"Textstyled__Text-sc-1cqv9mi-0 cLyiiX ArticleHeadstyled__ArticleSubHeadline-sc-tdzyy5-11 fXdZot\">Im Kieler Stadtteil Mettenhof ist am Donnerstag ein Feuer in einem Mehrfamilienhaus ausgebrochen. Die Feuerwehr ist mit einem Gro\u00dfaufgebot vor Ort.<\/p>\n<p class=\"Textstyled__Text-sc-1cqv9mi-0 cLyiiX\">Kiel. Feueralarm in Mettenhof: Mit einem Gro\u00dfaufgebot sind die Feuerwehr Kiel und die Polizei im Bornholmer Weg vor Ort. In der Stra\u00dfe ist am Donnerstag gegen neun Uhr ein Feuer in einem Mehrfamilienhaus ausgebrochen. Auch ein Knall soll zu h\u00f6ren gewesen sein.<\/p>\n<p>Weiterlesen nach der Anzeige<\/p>\n<p>Weiterlesen nach der Anzeige<\/p>\n<p><img decoding=\"async\" alt=\"Einsatz f\u00fcr die Feuerwehr Kiel: Im achten Stock eines Hochhauses in Kiel-Mettenhof hat es am Donnerstagmorgen gebrannt.\" loading=\"lazy\"  src=\"https:\/\/www.europesays.com\/de\/wp-content\/uploads\/2025\/08\/BFUFQKZYWJHT3MKZNMAVXT6GHQ.jpg\" \/><\/p>\n<p class=\"Captionstyled__Caption-sc-skimq-0 iFEFhG\">Einsatz f\u00fcr die Feuerwehr Kiel: Im achten Stock eines Hochhauses in Kiel-Mettenhof hat es am Donnerstagmorgen gebrannt.<\/p>\n<p class=\"Copyrightstyled__Copyright-sc-1yiiexl-0 kSntKS\">Quelle: Frank_Behling<\/p>\n<p class=\"Textstyled__Text-sc-1cqv9mi-0 cLyiiX\">Nach ersten Informationen brannte es im achten Stockwerk. Die Einsatzkr\u00e4fte der <a href=\"https:\/\/www.kn-online.de\/themen\/feuerwehr\/\" target=\"_blank\" rel=\"nofollow noopener\" title=\"https:\/\/www.kn-online.de\/themen\/feuerwehr\/\" data-vars-event-category=\"intext_link\" data-vars-event-action=\"click\" data-vars-event-label=\"https:\/\/www.kn-online.de\/themen\/feuerwehr\/\">Feuerwehr Kiel<\/a> waren mit L\u00f6schfahrzeuge der Haupt- und Ostwache vor Ort. Die Freiwillige Feuerwehr Russee war ebenfalls im Einsatz.<\/p>\n<p class=\"Textstyled__Text-sc-1cqv9mi-0 cLyiiX\">Beim Eintreffen der Einsatzkr\u00e4fte in Kiel-<a href=\"https:\/\/www.kn-online.de\/themen\/mettenhof\/\" target=\"_blank\" rel=\"nofollow noopener\" title=\"https:\/\/www.kn-online.de\/themen\/mettenhof\/\" data-vars-event-category=\"intext_link\" data-vars-event-action=\"click\" data-vars-event-label=\"https:\/\/www.kn-online.de\/themen\/mettenhof\/\">Mettenhof<\/a> loderten die Flammen bereits im Eingangsbereich der Wohnung und drohten auf das Dach des Geb\u00e4udes \u00fcberzugreifen. <\/p>\n<p>Weiterlesen nach der Anzeige<\/p>\n<p>Weiterlesen nach der Anzeige<\/p>\n<p>Brandherd lag vor der Wohnung<\/p>\n<p class=\"Textstyled__Text-sc-1cqv9mi-0 cLyiiX\">Der Brandherd lag im Bereich vor der Wohnung und einem Treppenraum. \u201eDer Bewohner konnte die Wohnung unverletzt verlassen. Die L\u00f6scharbeiten zeigten schnell Erfolg\u201c, sagte Markus Brandau vom Direktionsdienst der Berufsfeuerwehr. <\/p>\n<p class=\"Textstyled__Text-sc-1cqv9mi-0 cLyiiX\">Die L\u00f6scharbeiten gestalteten sich zu Beginn aber etwas schwierig. \u201eWir hatten hier das Problem, dass die Steigleitung f\u00fcr die Wasserversorgung defekt war\u201c, sagte Brandau. Deshalb mussten die Einsatzkr\u00e4fte einen Schlauch an der Fassade befestigen. <\/p>\n<p class=\"Textstyled__Text-sc-1cqv9mi-0 cLyiiX\">Die Flammen konnten jedoch mit dem ersten Angriff gel\u00f6scht werden. Mit einer Drehleiter und mehreren Trupps versucht die Feuerwehr gegenw\u00e4rtig, die Glutnester zu l\u00f6schen. Die L\u00f6scharbeiten erstrecken sich auf den Bereich vor der Wohnung und das dar\u00fcber liegende Dach. <\/p>\n<p class=\"Textstyled__Text-sc-1cqv9mi-0 cLyiiX\">Die Polizei ist mit einem Gro\u00dfaufgebot vor Ort und befragt Bewohner des Geb\u00e4udes sowie Passanten.<\/p>\n<p class=\"Editorialstyled__Editorial-sc-5u8rgl-0 cBUuy\">KN<\/p>\n","protected":false},"excerpt":{"rendered":"Brand im Mehrfamilienhaus Kiel: Feuer in Mettenhofer Hochhaus &#8211; L\u00f6scharbeiten im achten Stock Anh\u00f6renApp \u00f6ffnen Im Kieler Stadtteil&hellip;\n","protected":false},"author":2,"featured_media":343731,"comment_status":"","ping_status":"","sticky":false,"template":"","format":"standard","meta":{"footnotes":""},"categories":[1852],"tags":[3364,29,548,663,3934,30,13,4949,14,15,12,1971],"class_list":{"0":"post-343730","1":"post","2":"type-post","3":"status-publish","4":"format-standard","5":"has-post-thumbnail","7":"category-kiel","8":"tag-de","9":"tag-deutschland","10":"tag-eu","11":"tag-europa","12":"tag-europe","13":"tag-germany","14":"tag-headlines","15":"tag-kiel","16":"tag-nachrichten","17":"tag-news","18":"tag-schlagzeilen","19":"tag-schleswig-holstein"},"share_on_mastodon":{"url":"https:\/\/pubeurope.com\/@de\/115026257872692223","error":""},"_links":{"self":[{"href":"https:\/\/www.europesays.com\/de\/wp-json\/wp\/v2\/posts\/343730","targetHints":{"allow":["GET"]}}],"collection":[{"href":"https:\/\/www.europesays.com\/de\/wp-json\/wp\/v2\/posts"}],"about":[{"href":"https:\/\/www.europesays.com\/de\/wp-json\/wp\/v2\/types\/post"}],"author":[{"embeddable":true,"href":"https:\/\/www.europesays.com\/de\/wp-json\/wp\/v2\/users\/2"}],"replies":[{"embeddable":true,"href":"https:\/\/www.europesays.com\/de\/wp-json\/wp\/v2\/comments?post=343730"}],"version-history":[{"count":0,"href":"https:\/\/www.europesays.com\/de\/wp-json\/wp\/v2\/posts\/343730\/revisions"}],"wp:featuredmedia":[{"embeddable":true,"href":"https:\/\/www.europesays.com\/de\/wp-json\/wp\/v2\/media\/343731"}],"wp:attachment":[{"href":"https:\/\/www.europesays.com\/de\/wp-json\/wp\/v2\/media?parent=343730"}],"wp:term":[{"taxonomy":"category","embeddable":true,"href":"https:\/\/www.europesays.com\/de\/wp-json\/wp\/v2\/categories?post=343730"},{"taxonomy":"post_tag","embeddable":true,"href":"https:\/\/www.europesays.com\/de\/wp-json\/wp\/v2\/tags?post=343730"}],"curies":[{"name":"wp","href":"https:\/\/api.w.org\/{rel}","templated":true}]}}