{"id":343755,"date":"2025-08-14T09:02:09","date_gmt":"2025-08-14T09:02:09","guid":{"rendered":"https:\/\/www.europesays.com\/de\/343755\/"},"modified":"2025-08-14T09:02:09","modified_gmt":"2025-08-14T09:02:09","slug":"neues-mural-in-wuppertal-cronenberg","status":"publish","type":"post","link":"https:\/\/www.europesays.com\/de\/343755\/","title":{"rendered":"Neues Mural in Wuppertal-Cronenberg"},"content":{"rendered":"<p class=\"richtext text-em-55 !leading-serif mx-6 desktop:mx-0\">Im Rahmen der Reihe \u201eWuppertal tanzt Murals\u201c bringen Initiatorin Valentina Manojlov und der Verein WupperOne929 Urban Art zehn Bilder auf Wuppertaler H\u00e4userw\u00e4nde, indem sie K\u00fcnstler und K\u00fcnstlerinnen aus aller Welt anfragen. Diese lassen sich dann vom Werk der weltber\u00fchmten T\u00e4nzerin und Choreografin Pina Bausch inspirieren und schaffen ein individuelles Wandbild.<\/p>\n<p class=\"richtext text-em-55 !leading-serif mx-6 desktop:mx-0\">Laut Manojlov sei es in der Planungsphase gar nicht einfach gewesen, eine passende Hauswand in Cronenberg zu finden. \u201eBei all den Schieferplatten und kleinen H\u00e4uschen blieben uns nicht viele Alternativen\u201c, sagt sie. \u201eZwischenzeitlich haben wir schon bef\u00fcrchtet, Cronenberg von der Liste f\u00fcr die Pina Bausch Gallery streichen zu m\u00fcssen.\u201c Der Eigent\u00fcmer der ausgew\u00e4hlten Fl\u00e4che sei dann aber auf Anhieb begeistert gewesen und h\u00e4tte gleich sein Einverst\u00e4ndnis abgegeben. <\/p>\n<p class=\"richtext text-em-55 !leading-serif mx-6 desktop:mx-0\">Die Kunstreihe um Pina Bausch k\u00f6nne man als Sonderausstellung des gro\u00dfen Open Air-Museums ansehen, das Manojlov zwischen 2023 und 2025 mit Kunstwerken von internationalen Streetart-K\u00fcnstlern in Wuppertal entstehen l\u00e4sst. Ziel der Reihe \u201eWuppertal tanzt Murals\u201c: \u201eK\u00fcnstler zu finden, die die St\u00fccke von Bausch ansehen und ihre eigene Verbindung, einen Transfer zu ihnen herstellen. Jeder K\u00fcnstler soll seine eigene Bildsprache verwenden\u201c, erkl\u00e4rt Manojlov. <\/p>\n<p class=\"richtext text-em-55 !leading-serif mx-6 desktop:mx-0\">Das Inti-Mural in Cronenberg ist inspiriert von dem St\u00fcck \u201eDas Moos auf dem Stein\u201c, das nur drei Wochen vor dem Tod von Pina Bausch im Jahr 2009 uraufgef\u00fchrt wurde. Die Initiatorin, die selbst 20 Jahre lang durch Europa reiste und zahlreiche K\u00fcnstler auf ihrem Weg kennenlernte, hatte sofort das Gef\u00fchl, mit dem Chilenen Inti den passenden K\u00fcnstler gefunden zu haben. \u201eSt\u00fccke von Pina Bausch sind nie erkl\u00e4rt worden und schwierig zu fassen\u201c, sagt sie. So verbinde jeder ganz individuelle Eindr\u00fccke mit ihnen. Das St\u00fcck \u201eMoos auf dem Stein\u201c befasse sich mit dem Leben und der Widerspenstigkeit, in ihm zu verbleiben. \u201eDiese Rauheit, die Verbundenheit von Natur und Leben und das Spirituelle \u2013 all diese Motive habe ich auch in der Kunst von Inti entdeckt\u201c, erkl\u00e4rt sie weiter. Wichtig sei es ihr, dass letztendlich jeder K\u00fcnstler frei in der Erschaffung des Wandbildes sei, seine eigene Br\u00fccke zum Thema baue und seinen eigenen Ankn\u00fcpfungspunkt zu seiner Kultur und Pina Bausch ausdr\u00fccke. <\/p>\n<p class=\"richtext text-em-55 !leading-serif mx-6 desktop:mx-0\">Auf dem Cronenberger Wandbild ist nun eine junge Frau zu sehen, die aus zwei Inspirationsquellen des K\u00fcnstlers entstanden ist: aus Pina Bausch und der chilenischen K\u00fcnstlerin Violeta Parra, die als eine Ikone der Folklore bekannt ist. Der K\u00fcnstler habe auf diese Weise seine Heimat und Kultur nach Wuppertal gebracht. Er huldige mit dem Kunstwerk somit gleich zwei starken, eigenwilligen und ausdrucksstarken Frauen. <\/p>\n<p class=\"richtext text-em-55 !leading-serif mx-6 desktop:mx-0\">Das letzte Wandbild soll im Anschluss in der N\u00e4he des Waldfriedhofs in Varresbeck entstehen, wo Pina Bausch beerdigt ist.<\/p>\n","protected":false},"excerpt":{"rendered":"Im Rahmen der Reihe \u201eWuppertal tanzt Murals\u201c bringen Initiatorin Valentina Manojlov und der Verein WupperOne929 Urban Art zehn&hellip;\n","protected":false},"author":2,"featured_media":343756,"comment_status":"","ping_status":"","sticky":false,"template":"","format":"standard","meta":{"footnotes":"","_share_on_mastodon":"0"},"categories":[1840],"tags":[13052,14142,18289,3364,29,30,96121,3910,4819,4815,96122,1209,14141,27999,82008,4418],"class_list":["post-343755","post","type-post","status-publish","format-standard","has-post-thumbnail","category-wuppertal","tag-art","tag-bausch","tag-cronenberg","tag-de","tag-deutschland","tag-germany","tag-inti","tag-kuenstler","tag-kuenstlerin","tag-kuenstlerinnen","tag-manojlov","tag-nordrhein-westfalen","tag-pina","tag-urban","tag-wandbild","tag-wuppertal"],"share_on_mastodon":{"url":"https:\/\/pubeurope.com\/@de\/115026312796447926","error":""},"_links":{"self":[{"href":"https:\/\/www.europesays.com\/de\/wp-json\/wp\/v2\/posts\/343755","targetHints":{"allow":["GET"]}}],"collection":[{"href":"https:\/\/www.europesays.com\/de\/wp-json\/wp\/v2\/posts"}],"about":[{"href":"https:\/\/www.europesays.com\/de\/wp-json\/wp\/v2\/types\/post"}],"author":[{"embeddable":true,"href":"https:\/\/www.europesays.com\/de\/wp-json\/wp\/v2\/users\/2"}],"replies":[{"embeddable":true,"href":"https:\/\/www.europesays.com\/de\/wp-json\/wp\/v2\/comments?post=343755"}],"version-history":[{"count":0,"href":"https:\/\/www.europesays.com\/de\/wp-json\/wp\/v2\/posts\/343755\/revisions"}],"wp:featuredmedia":[{"embeddable":true,"href":"https:\/\/www.europesays.com\/de\/wp-json\/wp\/v2\/media\/343756"}],"wp:attachment":[{"href":"https:\/\/www.europesays.com\/de\/wp-json\/wp\/v2\/media?parent=343755"}],"wp:term":[{"taxonomy":"category","embeddable":true,"href":"https:\/\/www.europesays.com\/de\/wp-json\/wp\/v2\/categories?post=343755"},{"taxonomy":"post_tag","embeddable":true,"href":"https:\/\/www.europesays.com\/de\/wp-json\/wp\/v2\/tags?post=343755"}],"curies":[{"name":"wp","href":"https:\/\/api.w.org\/{rel}","templated":true}]}}