{"id":343800,"date":"2025-08-14T09:26:14","date_gmt":"2025-08-14T09:26:14","guid":{"rendered":"https:\/\/www.europesays.com\/de\/343800\/"},"modified":"2025-08-14T09:26:14","modified_gmt":"2025-08-14T09:26:14","slug":"fuenfjaehriger-bei-unfall-in-groepelingen-verletzt","status":"publish","type":"post","link":"https:\/\/www.europesays.com\/de\/343800\/","title":{"rendered":"F\u00fcnfj\u00e4hriger bei Unfall in Gr\u00f6pelingen verletzt"},"content":{"rendered":"<p>Im Bremer Stadtteil Gr\u00f6pelingen wurde ein f\u00fcnfj\u00e4hriger Junge bei einem Unfall leicht verletzt. Wie die <a href=\"https:\/\/www.weser-kurier.de\/thema\/polizei-q35535\/\" rel=\"nofollow noopener\" target=\"_blank\">Polizei<\/a> mitteilte, ereignete sich der Vorfall an der Kreuzung Gr\u00f6pelinger Heerstra\u00dfe\/In den Barken. Der Junge wollte gemeinsam mit seiner Mutter die Stra\u00dfe \u00fcberqueren, als ein Mercedes, der stadtausw\u00e4rts fuhr, in die Stra\u00dfe In den Barken einbog und den Jungen erfasste. Die Ampel zeigte f\u00fcr beide Gr\u00fcn.<\/p>\n<p>Der Fahrer des goldbraunen Mercedes hielt zun\u00e4chst an, setzte seine Fahrt jedoch kurz darauf fort, ohne sich um den verletzten Jungen zu k\u00fcmmern. Die Mutter des Kindes lehnte eine medizinische Behandlung ab. Die Polizei ermittelt nun wegen fahrl\u00e4ssiger K\u00f6rperverletzung und unerlaubten Entfernens vom Unfallort. Zeugen, die Hinweise zum Unfallhergang oder zum Fahrzeug geben k\u00f6nnen, werden gebeten, sich bei der Verkehrsbereitschaft unter der Rufnummer (0421) 362-14850 zu melden.<\/p>\n<p>                        <a href=\"https:\/\/www.weser-kurier.de\/\" id=\"home\" class=\"button primary-primary font-size-15_1 m-0a customEvent\" data-layer-event-name=\"customEvent\" data-layer-trigger=\"click\" data-layer-category=\"artikelscoring\" data-layer-action=\"startseite_button\" data-layer-label=\"doc81xyzemot551431t2lyb\" data-layer-value=\"https:\/\/www.weser-kurier.de\/bremen\/stadtteil-groepelingen\/1\" rel=\"nofollow noopener\" target=\"_blank\">Zur Startseite<\/a><\/p>\n","protected":false},"excerpt":{"rendered":"Im Bremer Stadtteil Gr\u00f6pelingen wurde ein f\u00fcnfj\u00e4hriger Junge bei einem Unfall leicht verletzt. Wie die Polizei mitteilte, ereignete&hellip;\n","protected":false},"author":2,"featured_media":343801,"comment_status":"","ping_status":"","sticky":false,"template":"","format":"standard","meta":{"footnotes":""},"categories":[1824],"tags":[2420,3364,29,30],"class_list":{"0":"post-343800","1":"post","2":"type-post","3":"status-publish","4":"format-standard","5":"has-post-thumbnail","7":"category-bremen","8":"tag-bremen","9":"tag-de","10":"tag-deutschland","11":"tag-germany"},"share_on_mastodon":{"url":"https:\/\/pubeurope.com\/@de\/115026407597835524","error":""},"_links":{"self":[{"href":"https:\/\/www.europesays.com\/de\/wp-json\/wp\/v2\/posts\/343800","targetHints":{"allow":["GET"]}}],"collection":[{"href":"https:\/\/www.europesays.com\/de\/wp-json\/wp\/v2\/posts"}],"about":[{"href":"https:\/\/www.europesays.com\/de\/wp-json\/wp\/v2\/types\/post"}],"author":[{"embeddable":true,"href":"https:\/\/www.europesays.com\/de\/wp-json\/wp\/v2\/users\/2"}],"replies":[{"embeddable":true,"href":"https:\/\/www.europesays.com\/de\/wp-json\/wp\/v2\/comments?post=343800"}],"version-history":[{"count":0,"href":"https:\/\/www.europesays.com\/de\/wp-json\/wp\/v2\/posts\/343800\/revisions"}],"wp:featuredmedia":[{"embeddable":true,"href":"https:\/\/www.europesays.com\/de\/wp-json\/wp\/v2\/media\/343801"}],"wp:attachment":[{"href":"https:\/\/www.europesays.com\/de\/wp-json\/wp\/v2\/media?parent=343800"}],"wp:term":[{"taxonomy":"category","embeddable":true,"href":"https:\/\/www.europesays.com\/de\/wp-json\/wp\/v2\/categories?post=343800"},{"taxonomy":"post_tag","embeddable":true,"href":"https:\/\/www.europesays.com\/de\/wp-json\/wp\/v2\/tags?post=343800"}],"curies":[{"name":"wp","href":"https:\/\/api.w.org\/{rel}","templated":true}]}}