{"id":343809,"date":"2025-08-14T09:31:14","date_gmt":"2025-08-14T09:31:14","guid":{"rendered":"https:\/\/www.europesays.com\/de\/343809\/"},"modified":"2025-08-14T09:31:14","modified_gmt":"2025-08-14T09:31:14","slug":"umfrageergebnisse-zur-stadtentwicklung-in-dortmund","status":"publish","type":"post","link":"https:\/\/www.europesays.com\/de\/343809\/","title":{"rendered":"Umfrageergebnisse zur Stadtentwicklung in Dortmund"},"content":{"rendered":"<p class=\"small date article__date\">Ver\u00f6ffentlicht:\u00a0Donnerstag, 14.08.2025 10:16<\/p>\n<p><strong>Staus und Baustellen: zwei Drittel der Dortmunder sagen, dass die unsere gr\u00f6\u00dften Probleme in unserer Stadt sind.<\/strong><\/p>\n<p><img decoding=\"async\" alt=\"Dortmund Skyline vom Polizeipr\u00e4sidium aus\" src=\"https:\/\/www.europesays.com\/de\/wp-content\/uploads\/2025\/08\/dortmund-von-oben.jpg&#038;crop=0x140x2237x1398&#038;resize=1279x799&#038;dt=202307140759070.jpeg\" data-size=\"1279x799\"\/>\u00a9 Radio 91.2 | Malte HarzemStaus und Baustellen seien gr\u00f6\u00dftes Problem in Dortmund <\/p>\n<p>Staus und Baustellen sind die gr\u00f6\u00dften Probleme in Dortmund. Das sagen zwei Drittel der Dortmunder laut den Ergebnissen einer Forsa-Umfrage, die die Kollegen der Ruhr Nachrichten in Auftrag gegeben haben. Schon vor f\u00fcnf Jahren, vor der letzten Kommunalwahl, waren Staus und Bautellen f\u00fcr die Dortmunder das Problem Nummer 1. Das Thema verfestigt sich, erst recht, wenn man die Dortmunder fragt, was sich in den vergangenen Jahren in unserer Stadt verschlechtert hat. <\/p>\n<p>Weitere Probleme in Dortmund: Schlie\u00dfung von Gesch\u00e4ften, Unsicherheit und Drogen <\/p>\n<p>Auch die Schlie\u00dfung von Gesch\u00e4ften wie Galeria Kaufhof, ein zunehmendes Unsicherheitsgef\u00fchl und die Pr\u00e4senz von Drogenabh\u00e4ngigen und Bettlern spielen eine immer gr\u00f6\u00dfere Rolle in der Wahrnehmung. Zunehmend positiv bewerten die Dortmunder das Bus- und Bahnnetz, die Dortmunder Infrastruktur, unsere Gr\u00fcnfl\u00e4chen und Parks sowie die M\u00f6glichkeiten zur Erholung.\u00a0<\/p>\n","protected":false},"excerpt":{"rendered":"Ver\u00f6ffentlicht:\u00a0Donnerstag, 14.08.2025 10:16 Staus und Baustellen: zwei Drittel der Dortmunder sagen, dass die unsere gr\u00f6\u00dften Probleme in unserer&hellip;\n","protected":false},"author":2,"featured_media":343810,"comment_status":"","ping_status":"","sticky":false,"template":"","format":"standard","meta":{"footnotes":""},"categories":[1833],"tags":[89297,3364,29,217,30,1209],"class_list":{"0":"post-343809","1":"post","2":"type-post","3":"status-publish","4":"format-standard","5":"has-post-thumbnail","7":"category-dortmund","8":"tag-stadt-dortmund","9":"tag-de","10":"tag-deutschland","11":"tag-dortmund","12":"tag-germany","13":"tag-nordrhein-westfalen"},"share_on_mastodon":{"url":"https:\/\/pubeurope.com\/@de\/115026426943890427","error":""},"_links":{"self":[{"href":"https:\/\/www.europesays.com\/de\/wp-json\/wp\/v2\/posts\/343809","targetHints":{"allow":["GET"]}}],"collection":[{"href":"https:\/\/www.europesays.com\/de\/wp-json\/wp\/v2\/posts"}],"about":[{"href":"https:\/\/www.europesays.com\/de\/wp-json\/wp\/v2\/types\/post"}],"author":[{"embeddable":true,"href":"https:\/\/www.europesays.com\/de\/wp-json\/wp\/v2\/users\/2"}],"replies":[{"embeddable":true,"href":"https:\/\/www.europesays.com\/de\/wp-json\/wp\/v2\/comments?post=343809"}],"version-history":[{"count":0,"href":"https:\/\/www.europesays.com\/de\/wp-json\/wp\/v2\/posts\/343809\/revisions"}],"wp:featuredmedia":[{"embeddable":true,"href":"https:\/\/www.europesays.com\/de\/wp-json\/wp\/v2\/media\/343810"}],"wp:attachment":[{"href":"https:\/\/www.europesays.com\/de\/wp-json\/wp\/v2\/media?parent=343809"}],"wp:term":[{"taxonomy":"category","embeddable":true,"href":"https:\/\/www.europesays.com\/de\/wp-json\/wp\/v2\/categories?post=343809"},{"taxonomy":"post_tag","embeddable":true,"href":"https:\/\/www.europesays.com\/de\/wp-json\/wp\/v2\/tags?post=343809"}],"curies":[{"name":"wp","href":"https:\/\/api.w.org\/{rel}","templated":true}]}}