{"id":343821,"date":"2025-08-14T09:38:13","date_gmt":"2025-08-14T09:38:13","guid":{"rendered":"https:\/\/www.europesays.com\/de\/343821\/"},"modified":"2025-08-14T09:38:13","modified_gmt":"2025-08-14T09:38:13","slug":"journal-frankfurt-news-soldaten-des-lichts","status":"publish","type":"post","link":"https:\/\/www.europesays.com\/de\/343821\/","title":{"rendered":"Journal Frankfurt News &#8211; Soldaten des Lichts"},"content":{"rendered":"<p>&#13;<\/p>\n<p>Dokumentation in Frankfurt<\/p>\n<p>&#13;<br \/>\n&#13;<br \/>\n      &#13;<br \/>\n      &#13;<\/p>\n<p class=\"teaser__details-anlese-text\">Die Dokumentation der Filmemacher Julian Vogel und Johannes B\u00fcttner besch\u00e4ftigt sich mit David, einem roh-veganenen Influencer, der neben Nahrungserg\u00e4nzungsmitteln Geschichten \u00fcber dunkle M\u00e4chte verbreitet.<\/p>\n<p>&#13;<br \/>\n&#13;<\/p>\n<p>&#13;<br \/>\n        Andreas Dosch \/&#13;<br \/>\n        14. August 2025, 10.42 Uhr&#13;\n      <\/p>\n<p>&#13;<br \/>\n&#13;<br \/>\n      &#13;<\/p>\n<p>Wussten Sie, dass die Menschheit nur zu 13 Prozent echt ist, w\u00e4hrend die restlichen 87 aus k\u00fcnstlichen Wesen bestehen? Dass man mit Wildkr\u00e4uters\u00e4ften und einer warmen Tasse Tee Krebs heilen kann? Und dass \u2013 nat\u00fcrlich wussten Sie das! \u2013 die Erde gar nicht rund ist, sondern eine flache Scheibe? \u00c4u\u00dferst lehrreich, was man im Dokumentarfilm \u201eSoldaten des Lichts\u201c so alles erf\u00e4hrt. Aber auch verst\u00f6rend, geradezu angsteinfl\u00f6\u00dfend.<\/p>\n<p>Von Corona-Leugnern und dubiosen Geistheilern <\/p>\n<p>Denn am Beispiel von David Ekwe-Ebobisse alias \u201eMister Raw\u201c, welcher als \u201eRoh-Vegan-Influencer\u201c einen <a target=\"_blank\" href=\"http:\/\/www.journal-frankfurt.de\/journal_news\/shopping-162\/Wolt-Market-Wolt-eroeffnet-Online-Supermarkt-in-Frankfurt-43551.html\" rel=\"nofollow noopener\">Online-Handel<\/a> mit fragw\u00fcrdigen Nahrungserg\u00e4nzungsmitteln betreibt und noch vor einiger Zeit die mittlerweile geschlossene \u201eRohkosteria Lebensgl\u00fcck\u201c im Frankfurter Riederwald leitete, st\u00f6\u00dft man in eine Szene vor, deren Gedankenwelt den normalen Menschenverstand das F\u00fcrchten lehrt. <\/p>\n<p>W\u00e4hrend der charismatische David, jeden immerzu \u201eMein Lieber\u201c nennend, seine zweifelhaften Produkte und Ideologien verkauft, sind es tragische Gestalten wie dessen psychisch kranker Mitarbeiter Timo, die ihm dabei zum Opfer fallen. <\/p>\n<p>Gleichzeitig erstreckt sich das Netzwerk von \u201eMister Raw\u201c weit hinein in die Kreise von esoterischen Corona-Leugnern, dubiosen Geistheilern und aggressivem Reichsb\u00fcrgertum: Da sitzt man dann im Wohnzimmer von Peter Fitzek, inzwischen verhafteter R\u00e4delsf\u00fchrer des sogenannten \u201eK\u00f6nigreich Deutschland\u201c, und bereitet den gesellschaftlichen Umsturz vor, derweil die anwesenden Damen im Hintergrund ein veganes Buffet herrichten. <\/p>\n<p>Dokumentation von Kennern<\/p>\n<p>Gruselig hoch zehn also, was die Filmemacher Julian Vogel und Johannes B\u00fcttner mit ihrer beobachtenden Kamera festgehalten haben, ohne sich kommentierend einzumischen. Dennoch wissen beide genau, wovon sie hier sprechen: B\u00fcttner kennt Protagonist David schon aus der <a target=\"_blank\" href=\"http:\/\/www.journal-frankfurt.de\/journal_news\/politik-10\/An-Frankfurter-Schulen-Ab-naechstem-Schuljahr-gilt-Handyverbot-44104.html\" rel=\"nofollow noopener\">Grundschule<\/a>. Und der Frankfurter Julian Vogel besch\u00e4ftigte sich bereits in seiner \u201eEinzelt\u00e4ter\u201c-Trilogie mit der neuen Rechtsradikalit\u00e4t in Deutschland. <\/p>\n<p>Apropos: Wussten Sie eigentlich, dass der Begriff \u201erechts\u201c von \u201eRecht\u201c kommt, \u201elinks\u201c dagegen von \u201elink\u201c \u2013 sprich: hinterh\u00e4ltig \u2013 abgeleitet wird? Diese Leute m\u00f6gen sich als \u201eSoldaten des Lichts\u201c bezeichnen. Aber sie leben in geistiger Dunkelheit.  <\/p>\n<p>Info<br \/><b>Soldaten des Lichts<\/b>, Dokumentarfilm, R: Julian Vogel, Johannes B\u00fcttner, D 2024, Start: 14.8.<\/p>\n<p>&#13;<br \/>\n&#13;<br \/>\n      &#13;<br \/>\n      &#13;<br \/>\n      <img loading=\"lazy\" decoding=\"async\" src=\"https:\/\/www.europesays.com\/de\/wp-content\/uploads\/2025\/08\/vgzm.2150123-44308.gif\" width=\"1\" height=\"1\" border=\"0\"\/>&#13;<br \/>\n      &#13;<br \/>\n&#13;<br \/>\n&#13;<\/p>\n","protected":false},"excerpt":{"rendered":"&#13; Dokumentation in Frankfurt &#13; &#13; &#13; &#13; Die Dokumentation der Filmemacher Julian Vogel und Johannes B\u00fcttner besch\u00e4ftigt&hellip;\n","protected":false},"author":2,"featured_media":343822,"comment_status":"","ping_status":"","sticky":false,"template":"","format":"standard","meta":{"footnotes":""},"categories":[1829],"tags":[29,2050,2051,30,2052],"class_list":{"0":"post-343821","1":"post","2":"type-post","3":"status-publish","4":"format-standard","5":"has-post-thumbnail","7":"category-frankfurt-am-main","8":"tag-deutschland","9":"tag-frankfurt","10":"tag-frankfurt-am-main","11":"tag-germany","12":"tag-hessen"},"share_on_mastodon":{"url":"https:\/\/pubeurope.com\/@de\/115026454759311312","error":""},"_links":{"self":[{"href":"https:\/\/www.europesays.com\/de\/wp-json\/wp\/v2\/posts\/343821","targetHints":{"allow":["GET"]}}],"collection":[{"href":"https:\/\/www.europesays.com\/de\/wp-json\/wp\/v2\/posts"}],"about":[{"href":"https:\/\/www.europesays.com\/de\/wp-json\/wp\/v2\/types\/post"}],"author":[{"embeddable":true,"href":"https:\/\/www.europesays.com\/de\/wp-json\/wp\/v2\/users\/2"}],"replies":[{"embeddable":true,"href":"https:\/\/www.europesays.com\/de\/wp-json\/wp\/v2\/comments?post=343821"}],"version-history":[{"count":0,"href":"https:\/\/www.europesays.com\/de\/wp-json\/wp\/v2\/posts\/343821\/revisions"}],"wp:featuredmedia":[{"embeddable":true,"href":"https:\/\/www.europesays.com\/de\/wp-json\/wp\/v2\/media\/343822"}],"wp:attachment":[{"href":"https:\/\/www.europesays.com\/de\/wp-json\/wp\/v2\/media?parent=343821"}],"wp:term":[{"taxonomy":"category","embeddable":true,"href":"https:\/\/www.europesays.com\/de\/wp-json\/wp\/v2\/categories?post=343821"},{"taxonomy":"post_tag","embeddable":true,"href":"https:\/\/www.europesays.com\/de\/wp-json\/wp\/v2\/tags?post=343821"}],"curies":[{"name":"wp","href":"https:\/\/api.w.org\/{rel}","templated":true}]}}