{"id":343861,"date":"2025-08-14T10:00:20","date_gmt":"2025-08-14T10:00:20","guid":{"rendered":"https:\/\/www.europesays.com\/de\/343861\/"},"modified":"2025-08-14T10:00:20","modified_gmt":"2025-08-14T10:00:20","slug":"trennung-bei-ikke-hueftgold-und-freundin-nina-reh-kryptischer-post-laesst-aufhorchen","status":"publish","type":"post","link":"https:\/\/www.europesays.com\/de\/343861\/","title":{"rendered":"Trennung bei Ikke H\u00fcftgold und Freundin Nina Reh? Kryptischer Post l\u00e4sst aufhorchen"},"content":{"rendered":"<p>Liebes-Aus nach vier Jahren? \u201eDu fehlst\u201d \u2013 Ikke H\u00fcftgold postet kryptische Zeilen <img alt=\"Nina Reh ist seit vier Jahren die Frau an der Seite von Hitproduzent und Partys\u00e4nger Ikke H\u00fcftgold\" loading=\"lazy\" width=\"940\" height=\"529\" decoding=\"async\" data-nimg=\"1\" class=\"Image_image__SdgLQ Picture_image__vGN9W\" style=\"color:transparent\"   src=\"https:\/\/www.europesays.com\/de\/wp-content\/uploads\/2025\/08\/koelnarchiv_85577793_4202.webp.webp\"\/><\/p>\n<p>Nina Reh ist seit vier Jahren die Frau an der Seite von Hitproduzent und Partys\u00e4nger Ikke H\u00fcftgold.<\/p>\n<p>RTL 14. August 2025 um 09:12 Uhr<\/p>\n<p class=\"AnnotatedMarkup_paragraph__IUT9l\"><strong>Was ist denn da los?<\/strong><br \/>Ikke H\u00fcftgold meldet sich bei Instagram mit kryptischen Zeilen. Zwischen ihm und seiner Freundin Nina Reh herrscht offenbar seit \u00fcber einer Woche eine unertr\u00e4gliche \u201eStille\u201d. Verk\u00fcndet der Ballermann-Star damit das Liebes-Aus oder ist das Teil eines Marketing-Streichs?<\/p>\n<p>\u201eSeitdem ist Stille und die ist kaum zu ertragen\u201d<\/p>\n<p class=\"AnnotatedMarkup_paragraph__IUT9l\">\u201eLiebe Nina! Seit fast 2 Wochen bist du nun fort &#8230; um neue Wege zu gehn, um fern ab von unserem Wahnsinn Dein eigenes Ding zu machen. Die ersten 3 Tage hast du dich noch gemeldet&#8230; doch seitdem ist Stille und die ist kaum zu ertragen. Du fehlst\u201d, schreibt Ikke H\u00fcftgold gegen zwei Uhr nachts am 13. August in seiner Instagram-Story. Dazu postet er ein Foto von Nina, das er mit dem Robbie Williams Song \u201eAngels\u201d unterlegt hat. \u201eDas wird immer unser Song bleiben\u201d, setzt er erkl\u00e4rend hinzu.<\/p>\n<p><img alt=\"Dieser Post von Ikke H\u00fcftgold l\u00e4sst aufhorchen.\" loading=\"lazy\" width=\"940\" height=\"529\" decoding=\"async\" data-nimg=\"1\" class=\"Image_image__SdgLQ Picture_image__vGN9W\" style=\"color:transparent\"   src=\"https:\/\/www.europesays.com\/de\/wp-content\/uploads\/2025\/08\/unbenannt-62.webp.webp\"\/><\/p>\n<p>Dieser Post von Ikke H\u00fcftgold l\u00e4sst aufhorchen. <\/p>\n<p>Ikke H\u00fcftgold \/ Instagram <\/p>\n<p class=\"AnnotatedMarkup_paragraph__IUT9l\"><strong>Lese-Tipp:<\/strong> <a href=\"https:\/\/www.rtl.de\/unterhaltung\/stars\/trennung-bei-anna-maria-zimmermann-und-julian-benz-sind-das-die-gruende-id6552642.html\" target=\"_self\" rel=\"noopener\">Liebes-Aus bei Anna-Maria Zimmermann und Julian Benz \u2013 sind das die Gr\u00fcnde?<\/a><\/p>\n<p>Seit vier Jahren zusammen<\/p>\n<p class=\"AnnotatedMarkup_paragraph__IUT9l\">Hat der Ballermann also noch ein Powerpaar weniger? Nina Reh ist seit vier Jahren die Frau an der Seite von Partys\u00e4nger und Produzent Ikke H\u00fcftgold (48). Wenn ihr Freund auf Mallorca in Locations wie dem Bierk\u00f6nig die B\u00fchne rockt, steht die 24-J\u00e4hrige meistens an den Reglern. Aber nicht nur das: Nina Reh hat inzwischen \u2013 mit Ikkes Unterst\u00fctzung \u2013 ihren eigenen Partysong am Start \u201eRyan in the air\u201d (<a rel=\"noopener\" href=\"https:\/\/plus.rtl.de\/musik\/artist-1668960?utm_source=rtl&amp;utm_content=4332819&amp;utm_medium=owned&amp;utm_campaign=textlink&amp;utm_term=musik\" target=\"_blank\">Song auf RTL+ streamen<\/a>)<\/p>\n<p>Anzeige:<\/p>\n<p>Empfehlungen unserer Partner<\/p>\n<p>Auch Nina Reh will hoch hinaus <\/p>\n<p class=\"AnnotatedMarkup_paragraph__IUT9l\">M\u00f6glich also, dass hinter dem Post auch ein cleverer Marketing-Schachzug des Partybarden steckt und Nina dank ihrer neuen Berufung als S\u00e4ngerin unterwegs ist. RTL hat sowohl Ikke H\u00fcftgold als auch Nina Reh dazu am morgen Anfragen geschickt, die aber bislang unbeantwortet blieben.<\/p>\n<p class=\"AnnotatedMarkup_paragraph__IUT9l\">Vor eine Woche posteten Ikke H\u00fcftgold und Nina Reh zumindest noch ein Foto von einem gemeinsamen Jetski-Trip. \u201eLangweilig war noch nie unser Ding\u201d, lie\u00dfen sie die Fans dabei wissen.<\/p>\n","protected":false},"excerpt":{"rendered":"Liebes-Aus nach vier Jahren? \u201eDu fehlst\u201d \u2013 Ikke H\u00fcftgold postet kryptische Zeilen Nina Reh ist seit vier Jahren&hellip;\n","protected":false},"author":2,"featured_media":343862,"comment_status":"","ping_status":"","sticky":false,"template":"","format":"standard","meta":{"footnotes":""},"categories":[155],"tags":[3015,29,214,30,86611,215],"class_list":{"0":"post-343861","1":"post","2":"type-post","3":"status-publish","4":"format-standard","5":"has-post-thumbnail","7":"category-unterhaltung","8":"tag-ballermann","9":"tag-deutschland","10":"tag-entertainment","11":"tag-germany","12":"tag-ikke-hueftgold","13":"tag-unterhaltung"},"share_on_mastodon":{"url":"https:\/\/pubeurope.com\/@de\/115026541064969042","error":""},"_links":{"self":[{"href":"https:\/\/www.europesays.com\/de\/wp-json\/wp\/v2\/posts\/343861","targetHints":{"allow":["GET"]}}],"collection":[{"href":"https:\/\/www.europesays.com\/de\/wp-json\/wp\/v2\/posts"}],"about":[{"href":"https:\/\/www.europesays.com\/de\/wp-json\/wp\/v2\/types\/post"}],"author":[{"embeddable":true,"href":"https:\/\/www.europesays.com\/de\/wp-json\/wp\/v2\/users\/2"}],"replies":[{"embeddable":true,"href":"https:\/\/www.europesays.com\/de\/wp-json\/wp\/v2\/comments?post=343861"}],"version-history":[{"count":0,"href":"https:\/\/www.europesays.com\/de\/wp-json\/wp\/v2\/posts\/343861\/revisions"}],"wp:featuredmedia":[{"embeddable":true,"href":"https:\/\/www.europesays.com\/de\/wp-json\/wp\/v2\/media\/343862"}],"wp:attachment":[{"href":"https:\/\/www.europesays.com\/de\/wp-json\/wp\/v2\/media?parent=343861"}],"wp:term":[{"taxonomy":"category","embeddable":true,"href":"https:\/\/www.europesays.com\/de\/wp-json\/wp\/v2\/categories?post=343861"},{"taxonomy":"post_tag","embeddable":true,"href":"https:\/\/www.europesays.com\/de\/wp-json\/wp\/v2\/tags?post=343861"}],"curies":[{"name":"wp","href":"https:\/\/api.w.org\/{rel}","templated":true}]}}