{"id":343881,"date":"2025-08-14T10:10:14","date_gmt":"2025-08-14T10:10:14","guid":{"rendered":"https:\/\/www.europesays.com\/de\/343881\/"},"modified":"2025-08-14T10:10:14","modified_gmt":"2025-08-14T10:10:14","slug":"verfahren-wegen-vergewaltigung-drei-frauen-als-opfer","status":"publish","type":"post","link":"https:\/\/www.europesays.com\/de\/343881\/","title":{"rendered":"Verfahren wegen Vergewaltigung \u2013 drei Frauen als Opfer?"},"content":{"rendered":"<p>Drei Frauen betroffen? <\/p>\n<p>Verfahren wegen Vergewaltigung: Polizei sucht mutma\u00dfliche Opfer<\/p>\n<p>14.08.2025 &#8211; 12:05 UhrLesedauer: 2 Min.<\/p>\n<p><a href=\"#focus-0\" class=\"transition-colors duration-200 focus-within:text-magenta block text-current relative\" data-sctrack=\"FocusGalleryImage.Reference\"><img fetchpriority=\"high\" data-testid=\"Opener.Image\" style=\"--lqipURL:url('https:\/\/images.t-online.de\/2025\/08\/SI1oYKTc6wXR\/543x512:982x552\/fit-in\/150x0\/filters:blur(25)\/friedrich-wilhelm-strasse-in-braunschweig-symbolbild-in-der-naehe-soll-der-beschuldigte-seine-opfer-kennengelernt-haben.jpg')\"   loading=\"eager\" src=\"https:\/\/www.europesays.com\/de\/wp-content\/uploads\/2025\/08\/friedrich-wilhelm-strasse-in-braunschweig-symbolbild-in-der-naehe-soll-der-beschuldigte-seine-opfer-.jpeg\" alt=\"Friedrich-Wilhelm-Stra\u00dfe in Braunschweig (Symbolbild): In der N\u00e4he soll der Beschuldigte seine Opfer kennengelernt haben.\" title=\"Friedrich-Wilhelm-Stra\u00dfe in Braunschweig (Symbolbild): In der N\u00e4he soll der Beschuldigte seine Opfer kennengelernt haben.\" width=\"982\" height=\"552\" class=\"bg-[url:var(--lqipURL)] bg-cover bg-center flex h-full w-full max-w-full\" decoding=\"async\"\/><img style=\"--width:32;--height:32\" loading=\"lazy\" src=\"https:\/\/www.t-online.de\/s\/paper\/_next\/static\/media\/zoom-in.f7dae02f.svg\" alt=\"Vergr\u00f6\u00dfern des Bildes\" title=\"Vergr\u00f6\u00dfern des Bildes\" class=\"block h-[calc(var(--height)_\/_16_*_1rem)] w-[calc(var(--width)_\/_16_*_1rem)] max-w-none absolute bottom-8 right-8 rounded-4 bg-snow p-8\" decoding=\"async\"\/><\/a><\/p>\n<p>Friedrich-Wilhelm-Stra\u00dfe in Braunschweig (Symbolbild): In der N\u00e4he soll der Beschuldigte seine Opfer kennengelernt haben. (Quelle: privat\/t-online)<\/p>\n<p class=\"font-bold text-18 leading-17\">Ein 33-J\u00e4hriger soll in Braunschweig Frauen kennengelernt und sp\u00e4ter sexuelle Handlungen an ihnen begangen haben. Die Polizei sucht nach drei mutma\u00dflichen Opfern.<\/p>\n<p class=\"text-18 leading-17\">Die Polizei <a class=\"transition-colors duration-200 cursor-pointer text-inherit no-underline text-salemsfur md:hover:text-magenta md:hover:border-magenta md:focus:text-magenta border-current border-b border-solid break-words\" href=\"https:\/\/www.t-online.de\/themen\/braunschweig\/\" data-sctrack=\"BodyAnchor\" target=\"_blank\" rel=\"noopener\">Braunschweig<\/a> sucht gemeinsam mit der Staatsanwaltschaft nach drei Frauen, die mutma\u00dflich Opfer von Vergewaltigungen geworden sind. Nach Angaben der Ermittler steht ein 33-j\u00e4hriger Mann im Verdacht, die Taten zwischen September 2021 und April 2023 begangen zu haben.<\/p>\n<p class=\"text-18 leading-17\">Die Ermittler gehen davon aus, dass der Beschuldigte die Frauen im Braunschweiger Nachtleben kennengelernt hat. Demnach fanden die Begegnungen vorwiegend in Bars, Clubs und Kneipen im Bereich Wallstra\u00dfe und Friedrich-Wilhelm-Stra\u00dfe statt. Eine fl\u00fcchtige Bekanntschaft mit dem Beschuldigten sei nicht auszuschlie\u00dfen.<\/p>\n<p class=\"text-18 leading-17\">Der Mann steht im Verdacht, an den Frauen sexuelle Handlungen vorgenommen zu haben, w\u00e4hrend diese schliefen. Die Opfer waren vermutlich alkoholisiert. Der 33-J\u00e4hrige k\u00f6nnte den Angaben zufolge zuvor angeboten haben, die Frauen nach Hause zu bringen.<\/p>\n<p class=\"text-18 leading-17\">Zwei der mutma\u00dflichen Taten ereigneten sich laut Polizei im Wohnhaus des Verd\u00e4chtigen im Ortsteil Gartenstadt. Bei der dritten Tat k\u00f6nnte es sich um die Wohnung eines Opfers handeln.<\/p>\n<p class=\"text-18 leading-17\">Die Ermittler suchen konkret nach drei Frauen: eine 18- bis 25-j\u00e4hrige schlanke Frau, die in der Nacht vom 24. auf den 25. September 2021 bei dem Beschuldigten \u00fcbernachtete, eine 20- bis 30-j\u00e4hrige Frau mit schwarzen Haaren, die in der Nacht vom 25. auf den 26. November 2022 in der Wohnung des Mannes war und diese gegen 9.30 Uhr verlie\u00df sowie eine 18- bis 25-j\u00e4hrige schlanke Frau mit blonden Haaren und einem Tattoo unter dem linken Schl\u00fcsselbein, die der Mann am 9. April 2023 morgens nach Hause gebracht haben soll.<\/p>\n<p class=\"text-18 leading-17\">Die Polizei bittet die Frauen sowie Personen, die Hinweise geben k\u00f6nnen, sich beim Kriminaldauerdienst unter der Telefonnummer 0531\/476-2516 zu melden.<\/p>\n","protected":false},"excerpt":{"rendered":"Drei Frauen betroffen? Verfahren wegen Vergewaltigung: Polizei sucht mutma\u00dfliche Opfer 14.08.2025 &#8211; 12:05 UhrLesedauer: 2 Min. Friedrich-Wilhelm-Stra\u00dfe in&hellip;\n","protected":false},"author":2,"featured_media":343882,"comment_status":"","ping_status":"","sticky":false,"template":"","format":"standard","meta":{"footnotes":""},"categories":[1850],"tags":[722,17161,6429,3364,29,548,663,3934,22946,30,13,14,15,1411,121,12,1997,1921],"class_list":{"0":"post-343881","1":"post","2":"type-post","3":"status-publish","4":"format-standard","5":"has-post-thumbnail","7":"category-braunschweig","8":"tag-722","9":"tag-17161","10":"tag-braunschweig","11":"tag-de","12":"tag-deutschland","13":"tag-eu","14":"tag-europa","15":"tag-europe","16":"tag-friedrich-wilhelm-strasse","17":"tag-germany","18":"tag-headlines","19":"tag-nachrichten","20":"tag-news","21":"tag-niedersachsen","22":"tag-polizei","23":"tag-schlagzeilen","24":"tag-staatsanwaltschaft","25":"tag-vergewaltigung"},"share_on_mastodon":{"url":"https:\/\/pubeurope.com\/@de\/115026580398477423","error":""},"_links":{"self":[{"href":"https:\/\/www.europesays.com\/de\/wp-json\/wp\/v2\/posts\/343881","targetHints":{"allow":["GET"]}}],"collection":[{"href":"https:\/\/www.europesays.com\/de\/wp-json\/wp\/v2\/posts"}],"about":[{"href":"https:\/\/www.europesays.com\/de\/wp-json\/wp\/v2\/types\/post"}],"author":[{"embeddable":true,"href":"https:\/\/www.europesays.com\/de\/wp-json\/wp\/v2\/users\/2"}],"replies":[{"embeddable":true,"href":"https:\/\/www.europesays.com\/de\/wp-json\/wp\/v2\/comments?post=343881"}],"version-history":[{"count":0,"href":"https:\/\/www.europesays.com\/de\/wp-json\/wp\/v2\/posts\/343881\/revisions"}],"wp:featuredmedia":[{"embeddable":true,"href":"https:\/\/www.europesays.com\/de\/wp-json\/wp\/v2\/media\/343882"}],"wp:attachment":[{"href":"https:\/\/www.europesays.com\/de\/wp-json\/wp\/v2\/media?parent=343881"}],"wp:term":[{"taxonomy":"category","embeddable":true,"href":"https:\/\/www.europesays.com\/de\/wp-json\/wp\/v2\/categories?post=343881"},{"taxonomy":"post_tag","embeddable":true,"href":"https:\/\/www.europesays.com\/de\/wp-json\/wp\/v2\/tags?post=343881"}],"curies":[{"name":"wp","href":"https:\/\/api.w.org\/{rel}","templated":true}]}}