{"id":343925,"date":"2025-08-14T10:35:10","date_gmt":"2025-08-14T10:35:10","guid":{"rendered":"https:\/\/www.europesays.com\/de\/343925\/"},"modified":"2025-08-14T10:35:10","modified_gmt":"2025-08-14T10:35:10","slug":"anna-mennel-verlaesst-burger-king-deutschland-nach-nur-19-monaten","status":"publish","type":"post","link":"https:\/\/www.europesays.com\/de\/343925\/","title":{"rendered":"Anna Mennel verl\u00e4sst Burger King Deutschland nach nur 19 Monaten"},"content":{"rendered":"<p>Mennel brachte umfangreiche Erfahrungen aus dem FMCG- und Marketingbereich mit \u2013 Stationen bei Marken wie LEGO, McDonald\u2019s, und zuletzt als VP Marketing bei Sat.1 und Sixx pr\u00e4gten ihr Profil. Bereits von 2014 bis 2016 war sie f\u00fcr Burger King t\u00e4tig, damals als Senior Manager Marketing ATL &amp; Media. Mit ihrer R\u00fcckkehr ab dem 1. Januar 2024 \u00fcbernahm sie wichtige Bereiche wie Au\u00dfenkommunikation, digitales und klassisches Marketing, Produktentwicklung sowie Instore-Kommunikation. Sie berichtete direkt an den damaligen CMO Klaus Schm\u00e4ing, der sie ins Unternehmen geholt hatte. Sp\u00e4ter berichtete Mennel an Yvonne von Eyb.<\/p>\n<p>Im Rahmen ihrer T\u00e4tigkeit verantwortete sie etwa die &#8222;Made in Germany&#8220;-Haltungskampagne, mit der Burger King im Oktober 2024 ein klares Zeichen f\u00fcr Vielfalt setzen wollte \u2013 gerade in politisch aufgeladenen Zeiten.<\/p>\n<p>Umbruch \u2013 und Mennels Rolle bleibt im Schatten<\/p>\n<p>Die erneute Abgangsmeldung, \u00fcber die zuerst die MEEDIA-Schwester &#8222;<a href=\"https:\/\/campaigngermany.de\/news\/beitrag\/1252-exklusiv-head-of-brand-anna-mennel-verlaesst-burger-king.html?utm_source=chatgpt.com\" title=\"Exklusiv: Head of Brand Anna Mennel verl\u00e4sst Burger King\" target=\"_blank\" rel=\"noopener\">Campaign Germany<\/a>&#8220;\u00a0berichtete, f\u00e4llt in eine Phase personeller Turbulenzen bei Burger King Deutschland: Ende 2023 \u00fcbergab Cornelius Everke die Gesch\u00e4ftsf\u00fchrung an J\u00f6rg Ehmer, der bereits im November 2024 wieder verschwand. Sein Nachfolger wurde Andreas Bork, der seit dem 1. Februar 2025 als CEO fungiert.<\/p>\n<p>Parallel dazu ergaben sich auch im Marketingbereich Umgestaltungen: CMO Klaus Schm\u00e4ing verlie\u00df das Unternehmen Ende M\u00e4rz 2024 \u2013 seine interimistische Nachfolge \u00fcbernahm Yvonne von Eyb im Sommer 2024. Sie dauert bis heute an. Die lange Zusammenarbeit mit Ehmer bei Apollo Optik d\u00fcrfte ihre Chancen im Konzern beg\u00fcnstigt haben.<\/p>\n<p>Wer die Aufgabenbereiche von Mennel k\u00fcnftig \u00fcbernimmt \u2013 insbesondere Kommunikation, Marketing, Produktentwicklung und Instore-Botschaften \u2013 bleibt unklar. Auch auf Nachfragen \u00e4u\u00dferte sich Burger King nicht.<\/p>\n<p>Fazit<\/p>\n<p>Der rapide Wechsel in der F\u00fchrungsriege von Burger King Deutschland legt nahe, dass die strategische Ausrichtung der Marke in Bewegung ist \u2013 m\u00f6glicherweise gepr\u00e4gt durch externe Erwartungen, interne Reorganisationen oder wechselnde Priorit\u00e4ten. Anna Mennel wird als profilierte Markenmanagerin mit klarer Agenda in Erinnerung bleiben, ihre Rolle bleibt jedoch ein weiteres Glied in einer Kette turbulenter Personalien.<\/p>\n<p>Wie es mit dem Brand-Management weitergeht, ob Mennel eine Nachfolge erh\u00e4lt oder ihre Aufgaben aufgeteilt werden, und welche Marschrichtung Andreas Bork und Yvonne von Eyb einschlagen \u2013 darauf warten Branchenbeobachter nun gespannt.<\/p>\n","protected":false},"excerpt":{"rendered":"Mennel brachte umfangreiche Erfahrungen aus dem FMCG- und Marketingbereich mit \u2013 Stationen bei Marken wie LEGO, McDonald\u2019s, und&hellip;\n","protected":false},"author":2,"featured_media":343926,"comment_status":"","ping_status":"","sticky":false,"template":"","format":"standard","meta":{"footnotes":""},"categories":[2],"tags":[331,3924,332,3922,96162,45410,96159,3364,29,30,96163,96160,13,1946,1947,96161,62,1948,14,3923,15,3921,13564,12],"class_list":{"0":"post-343925","1":"post","2":"type-post","3":"status-publish","4":"format-standard","5":"has-post-thumbnail","7":"category-deutschland","8":"tag-aktuelle-nachrichten","9":"tag-aktuelle-nachrichten-aus-deutschland","10":"tag-aktuelle-news","11":"tag-aktuelle-news-aus-deutschland","12":"tag-anna-mennel","13":"tag-burger-king","14":"tag-cmo","15":"tag-de","16":"tag-deutschland","17":"tag-germany","18":"tag-head-of-brand","19":"tag-head-of-marketing","20":"tag-headlines","21":"tag-kress","22":"tag-kress-pro","23":"tag-macherinnen","24":"tag-medien","25":"tag-mediendienst","26":"tag-nachrichten","27":"tag-nachrichten-aus-deutschland","28":"tag-news","29":"tag-news-aus-deutschland","30":"tag-personalie","31":"tag-schlagzeilen"},"share_on_mastodon":{"url":"https:\/\/pubeurope.com\/@de\/115026678480427537","error":""},"_links":{"self":[{"href":"https:\/\/www.europesays.com\/de\/wp-json\/wp\/v2\/posts\/343925","targetHints":{"allow":["GET"]}}],"collection":[{"href":"https:\/\/www.europesays.com\/de\/wp-json\/wp\/v2\/posts"}],"about":[{"href":"https:\/\/www.europesays.com\/de\/wp-json\/wp\/v2\/types\/post"}],"author":[{"embeddable":true,"href":"https:\/\/www.europesays.com\/de\/wp-json\/wp\/v2\/users\/2"}],"replies":[{"embeddable":true,"href":"https:\/\/www.europesays.com\/de\/wp-json\/wp\/v2\/comments?post=343925"}],"version-history":[{"count":0,"href":"https:\/\/www.europesays.com\/de\/wp-json\/wp\/v2\/posts\/343925\/revisions"}],"wp:featuredmedia":[{"embeddable":true,"href":"https:\/\/www.europesays.com\/de\/wp-json\/wp\/v2\/media\/343926"}],"wp:attachment":[{"href":"https:\/\/www.europesays.com\/de\/wp-json\/wp\/v2\/media?parent=343925"}],"wp:term":[{"taxonomy":"category","embeddable":true,"href":"https:\/\/www.europesays.com\/de\/wp-json\/wp\/v2\/categories?post=343925"},{"taxonomy":"post_tag","embeddable":true,"href":"https:\/\/www.europesays.com\/de\/wp-json\/wp\/v2\/tags?post=343925"}],"curies":[{"name":"wp","href":"https:\/\/api.w.org\/{rel}","templated":true}]}}