{"id":343964,"date":"2025-08-14T10:56:14","date_gmt":"2025-08-14T10:56:14","guid":{"rendered":"https:\/\/www.europesays.com\/de\/343964\/"},"modified":"2025-08-14T10:56:14","modified_gmt":"2025-08-14T10:56:14","slug":"unfall-in-stuttgart-west-bmw-kracht-in-gegenverkehr-vier-verletzte","status":"publish","type":"post","link":"https:\/\/www.europesays.com\/de\/343964\/","title":{"rendered":"Unfall in Stuttgart-West: BMW kracht in Gegenverkehr \u2013 vier Verletzte"},"content":{"rendered":"<p>Bei einem Zusammensto\u00df von zwei Autos in der Botnanger Stra\u00dfe in <a href=\"https:\/\/www.stuttgarter-zeitung.de\/thema\/Stuttgart-West\" title=\"Stuttgart-West\" class=\"art_thema\" target=\"_blank\" rel=\"noopener\">Stuttgart-West<\/a> sind am Mittwochabend vier Menschen leicht verletzt worden. Nach Angaben der <a href=\"https:\/\/www.stuttgarter-zeitung.de\/thema\/Polizei\" title=\"Polizei\" class=\"art_thema\" target=\"_blank\" rel=\"noopener\">Polizei<\/a> war ein 50 Jahre alter <a href=\"https:\/\/www.stuttgarter-zeitung.de\/thema\/BMW\" title=\"BMW\" class=\"art_thema\" target=\"_blank\" rel=\"noopener\">BMW<\/a>-Fahrer gegen 19.15 Uhr in Richtung Herderplatz unterwegs. In einer Kurve auf H\u00f6he der Hausnummer 40 geriet er auf die Gegenfahrbahn. Nach ersten Ermittlungen der Polizei d\u00fcrfte eine nicht angepasste Geschwindigkeit die Ursache gewesen sein.<\/p>\n<p>Im Gegenverkehr stie\u00df er mit dem VW Polo eines 30-J\u00e4hrigen zusammen. Bei dem Zusammensto\u00df verletzten sich die beiden neun und zehn Jahre alten Mitfahrer im BMW sowie der Polofahrer und seine 34-j\u00e4hrige Beifahrerin.<\/p>\n<p> Polofahrer und Beifahrerin wurden ins Krankenhaus gebracht <\/p>\n<p>Rettungskr\u00e4fte versorgten die Verletzten vor Ort und brachten den Polofahrer und seine Beifahrerin vorsorglich in ein Krankenhaus. Den Sachschaden sch\u00e4tzt die Polizei auf rund 70.000 Euro.<\/p>\n","protected":false},"excerpt":{"rendered":"Bei einem Zusammensto\u00df von zwei Autos in der Botnanger Stra\u00dfe in Stuttgart-West sind am Mittwochabend vier Menschen leicht&hellip;\n","protected":false},"author":2,"featured_media":343965,"comment_status":"","ping_status":"","sticky":false,"template":"","format":"standard","meta":{"footnotes":""},"categories":[1830],"tags":[4904,1634,374,3364,29,30,121,8248,1441,3654,1284,3258,5329],"class_list":{"0":"post-343964","1":"post","2":"type-post","3":"status-publish","4":"format-standard","5":"has-post-thumbnail","7":"category-stuttgart","8":"tag-autounfall","9":"tag-baden-wuerttemberg","10":"tag-bmw","11":"tag-de","12":"tag-deutschland","13":"tag-germany","14":"tag-polizei","15":"tag-polizeibericht-stuttgart","16":"tag-stuttgart","17":"tag-stuttgart-west","18":"tag-unfall","19":"tag-verletzte","20":"tag-video"},"share_on_mastodon":{"url":"https:\/\/pubeurope.com\/@de\/115026761198852822","error":""},"_links":{"self":[{"href":"https:\/\/www.europesays.com\/de\/wp-json\/wp\/v2\/posts\/343964","targetHints":{"allow":["GET"]}}],"collection":[{"href":"https:\/\/www.europesays.com\/de\/wp-json\/wp\/v2\/posts"}],"about":[{"href":"https:\/\/www.europesays.com\/de\/wp-json\/wp\/v2\/types\/post"}],"author":[{"embeddable":true,"href":"https:\/\/www.europesays.com\/de\/wp-json\/wp\/v2\/users\/2"}],"replies":[{"embeddable":true,"href":"https:\/\/www.europesays.com\/de\/wp-json\/wp\/v2\/comments?post=343964"}],"version-history":[{"count":0,"href":"https:\/\/www.europesays.com\/de\/wp-json\/wp\/v2\/posts\/343964\/revisions"}],"wp:featuredmedia":[{"embeddable":true,"href":"https:\/\/www.europesays.com\/de\/wp-json\/wp\/v2\/media\/343965"}],"wp:attachment":[{"href":"https:\/\/www.europesays.com\/de\/wp-json\/wp\/v2\/media?parent=343964"}],"wp:term":[{"taxonomy":"category","embeddable":true,"href":"https:\/\/www.europesays.com\/de\/wp-json\/wp\/v2\/categories?post=343964"},{"taxonomy":"post_tag","embeddable":true,"href":"https:\/\/www.europesays.com\/de\/wp-json\/wp\/v2\/tags?post=343964"}],"curies":[{"name":"wp","href":"https:\/\/api.w.org\/{rel}","templated":true}]}}