{"id":343981,"date":"2025-08-14T11:05:16","date_gmt":"2025-08-14T11:05:16","guid":{"rendered":"https:\/\/www.europesays.com\/de\/343981\/"},"modified":"2025-08-14T11:05:16","modified_gmt":"2025-08-14T11:05:16","slug":"pol-hh-250814-1-eine-zufuehrung-nach-wohnungseinbruchdiebstahl-in-hamburg-alsterdorf","status":"publish","type":"post","link":"https:\/\/www.europesays.com\/de\/343981\/","title":{"rendered":"POL-HH: 250814-1. Eine Zuf\u00fchrung nach Wohnungseinbruchdiebstahl in Hamburg-Alsterdorf"},"content":{"rendered":"<p class=\"date\">14.08.2025 \u2013 11:59<\/p>\n<p class=\"customer\">\n                        <a class=\"story-customer\" title=\"weiter zum newsroom von Polizei Hamburg\" href=\"https:\/\/www.presseportal.de\/blaulicht\/nr\/6337\" target=\"_blank\" rel=\"noopener\">Polizei Hamburg<\/a>\n                    <\/p>\n<p><a data-category=\"citylink-story-view\" data-action=\"click\" data-label=\"Citylink in Meldungsansicht\" class=\"story-city event-trigger\" href=\"https:\/\/www.presseportal.de\/regional\/Hamburg\" title=\"News aus Hamburg \" target=\"_blank\" rel=\"noopener\">Hamburg<\/a> (ots)<\/p>\n<p>Tatzeit: 13.08.2025, 10:33 Uhr<\/p>\n<p>Tatort: Hamburg-Alsterdorf, Rotbuchenstieg<\/p>\n<p>Mit Hilfe der Unterst\u00fctzung eines aufmerksamen Zeugen gelang es gestern, einen mutma\u00dflichen Einbrecher im Hamburger Stadtteil Alsterdorf vorl\u00e4ufig festzunehmen.<\/p>\n<p>Der 57-j\u00e4hrige Zeuge vernahm gestern Morgen verd\u00e4chtige Ger\u00e4usche vom Grundst\u00fcck seines Nachbarn und sah, wie ein zun\u00e4chst unbekannter Mann durch das Fenster in das Nachbarhaus eindrang. Der Zeuge alarmierte daraufhin die Polizei.<\/p>\n<p>Als die Einsatzkr\u00e4fte das Haus umstellten, versuchte der Unbekannte das Grundst\u00fcck zu verlassen und wurde daraufhin vorl\u00e4ufig festgenommen.<\/p>\n<p>Bei einer anschlie\u00dfenden Durchsuchung fanden die Polizeibeamtinnen und -beamten mutma\u00dfliches Diebesgut bei dem Tatverd\u00e4chtigen und stellten dieses sicher.<\/p>\n<p>Das \u00f6rtlich zust\u00e4ndige Einbruchsdezernat (LKA 142) \u00fcbernahm die Ermittlungen vor Ort.<\/p>\n<p>Der Tatverd\u00e4chtige, ein 27-j\u00e4hriger Marokkaner, wurde dem Untersuchungsgef\u00e4ngnis zugef\u00fchrt. Ein Richter erlie\u00df heute einen Haftbefehl.<\/p>\n<p>Die Ermittlungen dauern an.<\/p>\n<p>Pap.<\/p>\n<p class=\"contact-headline\">R\u00fcckfragen der Medien bitte an:<\/p>\n<p class=\"contact-text\">Polizei Hamburg<br \/>Nadia Papist<br \/>Telefon: 040\/4286-56216<br \/>E-Mail: <a href=\"https:\/\/www.presseportal.de\/blaulicht\/pm\/6337\/mailto: polizeipressestelle@polizei.hamburg.de\" class=\"uri-mailto\" target=\"_blank\" rel=\"noopener\"> polizeipressestelle@polizei.hamburg.de<\/a><br \/><a target=\"_blank\" class=\"uri-ext outbound\" rel=\"noopener\" href=\"https:\/\/www.polizei.hamburg\">www.polizei.hamburg<\/a><\/p>\n<p class=\"originator\">Original-Content von: Polizei Hamburg, \u00fcbermittelt durch news aktuell<\/p>\n","protected":false},"excerpt":{"rendered":"14.08.2025 \u2013 11:59 Polizei Hamburg Hamburg (ots) Tatzeit: 13.08.2025, 10:33 Uhr Tatort: Hamburg-Alsterdorf, Rotbuchenstieg Mit Hilfe der Unterst\u00fctzung&hellip;\n","protected":false},"author":2,"featured_media":320445,"comment_status":"","ping_status":"","sticky":false,"template":"","format":"standard","meta":{"footnotes":""},"categories":[1826],"tags":[29,30,692,691,177,121,178,180,179,181],"class_list":{"0":"post-343981","1":"post","2":"type-post","3":"status-publish","4":"format-standard","5":"has-post-thumbnail","7":"category-hamburg","8":"tag-deutschland","9":"tag-germany","10":"tag-hamburg","11":"tag-hh","12":"tag-kriminalitt","13":"tag-polizei","14":"tag-presse","15":"tag-pressemeldung","16":"tag-pressemitteilung","17":"tag-pressemitteilungen"},"share_on_mastodon":{"url":"https:\/\/pubeurope.com\/@de\/115026796432350408","error":""},"_links":{"self":[{"href":"https:\/\/www.europesays.com\/de\/wp-json\/wp\/v2\/posts\/343981","targetHints":{"allow":["GET"]}}],"collection":[{"href":"https:\/\/www.europesays.com\/de\/wp-json\/wp\/v2\/posts"}],"about":[{"href":"https:\/\/www.europesays.com\/de\/wp-json\/wp\/v2\/types\/post"}],"author":[{"embeddable":true,"href":"https:\/\/www.europesays.com\/de\/wp-json\/wp\/v2\/users\/2"}],"replies":[{"embeddable":true,"href":"https:\/\/www.europesays.com\/de\/wp-json\/wp\/v2\/comments?post=343981"}],"version-history":[{"count":0,"href":"https:\/\/www.europesays.com\/de\/wp-json\/wp\/v2\/posts\/343981\/revisions"}],"wp:featuredmedia":[{"embeddable":true,"href":"https:\/\/www.europesays.com\/de\/wp-json\/wp\/v2\/media\/320445"}],"wp:attachment":[{"href":"https:\/\/www.europesays.com\/de\/wp-json\/wp\/v2\/media?parent=343981"}],"wp:term":[{"taxonomy":"category","embeddable":true,"href":"https:\/\/www.europesays.com\/de\/wp-json\/wp\/v2\/categories?post=343981"},{"taxonomy":"post_tag","embeddable":true,"href":"https:\/\/www.europesays.com\/de\/wp-json\/wp\/v2\/tags?post=343981"}],"curies":[{"name":"wp","href":"https:\/\/api.w.org\/{rel}","templated":true}]}}