{"id":343999,"date":"2025-08-14T11:15:11","date_gmt":"2025-08-14T11:15:11","guid":{"rendered":"https:\/\/www.europesays.com\/de\/343999\/"},"modified":"2025-08-14T11:15:11","modified_gmt":"2025-08-14T11:15:11","slug":"john-und-zoe-im-unerbittlichen-sorgerechtsstreit","status":"publish","type":"post","link":"https:\/\/www.europesays.com\/de\/343999\/","title":{"rendered":"John und Zoe im unerbittlichen Sorgerechtsstreit"},"content":{"rendered":"<p>14. August 2025 um 08:47 Uhr<\/p>\n<p>F\u00fcr Zoe (Lara Dandelion) und John (Felix von Jascheroff) ist der gro\u00dfe Tag gekommen: Sie stehen vor dem Familiengericht und streiten sich um das Sorgerecht f\u00fcr Clara. Dabei geht eine Seite unerbittlicher vor als die andere. Zoe und John schenken sich nichts. \u201eWir wollen eine richtige Familie werden. Zu dritt. Mein Partner liebt Clara, als w\u00e4re sie seine eigene Tochter, und das ist alles andere als selbstverst\u00e4ndlich\u201c, stellt Zoe sich im guten Licht dar \u2013 begleitet von Johns ver\u00e4chtlichem Schnauben. Zoe spielt dabei auf Lauras (Chryssanthi Kavazi) ablehnende Haltung gegen\u00fcber Clara an. John kocht vor Wut und will zu einem un\u00fcberlegten Gegenschlag aus. Wie der aussieht, verr\u00e4t das GZSZ-Vorschau-Video.<\/p>\n","protected":false},"excerpt":{"rendered":"14. August 2025 um 08:47 Uhr F\u00fcr Zoe (Lara Dandelion) und John (Felix von Jascheroff) ist der gro\u00dfe&hellip;\n","protected":false},"author":2,"featured_media":344000,"comment_status":"","ping_status":"","sticky":false,"template":"","format":"standard","meta":{"footnotes":""},"categories":[1773],"tags":[29,214,30,471,1780,215],"class_list":{"0":"post-343999","1":"post","2":"type-post","3":"status-publish","4":"format-standard","5":"has-post-thumbnail","7":"category-serien","8":"tag-deutschland","9":"tag-entertainment","10":"tag-germany","11":"tag-serien","12":"tag-series","13":"tag-unterhaltung"},"share_on_mastodon":{"url":"https:\/\/pubeurope.com\/@de\/115026835789673754","error":""},"_links":{"self":[{"href":"https:\/\/www.europesays.com\/de\/wp-json\/wp\/v2\/posts\/343999","targetHints":{"allow":["GET"]}}],"collection":[{"href":"https:\/\/www.europesays.com\/de\/wp-json\/wp\/v2\/posts"}],"about":[{"href":"https:\/\/www.europesays.com\/de\/wp-json\/wp\/v2\/types\/post"}],"author":[{"embeddable":true,"href":"https:\/\/www.europesays.com\/de\/wp-json\/wp\/v2\/users\/2"}],"replies":[{"embeddable":true,"href":"https:\/\/www.europesays.com\/de\/wp-json\/wp\/v2\/comments?post=343999"}],"version-history":[{"count":0,"href":"https:\/\/www.europesays.com\/de\/wp-json\/wp\/v2\/posts\/343999\/revisions"}],"wp:featuredmedia":[{"embeddable":true,"href":"https:\/\/www.europesays.com\/de\/wp-json\/wp\/v2\/media\/344000"}],"wp:attachment":[{"href":"https:\/\/www.europesays.com\/de\/wp-json\/wp\/v2\/media?parent=343999"}],"wp:term":[{"taxonomy":"category","embeddable":true,"href":"https:\/\/www.europesays.com\/de\/wp-json\/wp\/v2\/categories?post=343999"},{"taxonomy":"post_tag","embeddable":true,"href":"https:\/\/www.europesays.com\/de\/wp-json\/wp\/v2\/tags?post=343999"}],"curies":[{"name":"wp","href":"https:\/\/api.w.org\/{rel}","templated":true}]}}