{"id":344153,"date":"2025-08-14T12:38:12","date_gmt":"2025-08-14T12:38:12","guid":{"rendered":"https:\/\/www.europesays.com\/de\/344153\/"},"modified":"2025-08-14T12:38:12","modified_gmt":"2025-08-14T12:38:12","slug":"der-geburtsmonat-kann-das-depressionsrisiko-steigern","status":"publish","type":"post","link":"https:\/\/www.europesays.com\/de\/344153\/","title":{"rendered":"Der Geburtsmonat kann das Depressionsrisiko steigern"},"content":{"rendered":"<ol class=\"id-DonaldBreadcrumb lp_west_breadcrumb id-DonaldBreadcrumb--default\" data-k5a-pos=\"west_breadcrumb\">\n<li class=\"id-Breadcrumb-item\"><a href=\"https:\/\/www.hna.de\/\" class=\"id-Breadcrumb-link\" data-id-ec=\"{\" shn=\"\" textlink=\"\" data-k5a-pos=\"1_startseite\" rel=\"nofollow noopener\" target=\"_blank\">Startseite<\/a><\/li>\n<li class=\"id-Breadcrumb-item\"><a href=\"https:\/\/www.hna.de\/verbraucher\/\" class=\"id-Breadcrumb-link\" data-id-ec=\"{\" shn=\"\" textlink=\"\" data-k5a-pos=\"2_verbraucher\" rel=\"nofollow noopener\" target=\"_blank\">Verbraucher<\/a><\/li>\n<\/ol>\n<p class=\"id-Story-timestamp id-Story-timestamp--default\">Stand: 14.08.2025, 14:16 Uhr<\/p>\n<p class=\"id-Story-authors id-Story-authors--default\">Von: <a class=\"id-Story-authors-link lp_west_author\" href=\"https:\/\/www.hna.de\/autor\/beate-sturm-gu4fj39j.html\" title=\"Zur Autorenseite von Beate Sturm\" data-id-ec=\"{\" shn=\"\" author-link=\"\" sturm=\"\" data-k5a-pos=\"west_author\" rel=\"nofollow noopener\" target=\"_blank\">Beate Sturm<\/a><\/p>\n<p class=\"id-Story-interactionBar id-Story-interactionBar--default\">DruckenTeilen<\/p>\n<p class=\"id-StoryElement-leadText\">Manche Ursachen f\u00fcr psychische Erkrankungen \u00fcberraschen \u2013 sogar der Geburtsmonat k\u00f6nnte laut neuer Forschung eine Rolle spielen. Lesen Sie hier, was es damit auf sich hat: <\/p>\n<p>Mehr zum Thema<a class=\"id-StoryElement-relatedStories-element-link\" data-id-ec=\"{\" shn=\"\" teaserlink=\"\" data-k5a-pos=\"west_story_7_relatedStories_1_human\" href=\"https:\/\/www.heidelberg24.de\/verbraucher\/studie-geburtsmonat-depression-risiko-erhoehen-mentale-gesundheit-wichtig-anfaellig-wie-kommt-93882932.html\" title=\"Mentale Gesundheit - undefined\" rel=\"nofollow noopener\" target=\"_blank\"><img decoding=\"async\" class=\"id-RatioPlaceholder-element wv_story_el_relatedStoryImage\" src=\"https:\/\/www.europesays.com\/de\/wp-content\/uploads\/2025\/08\/39317237-mann-stuhl-kopf-haende-depressionen-geburtsmonat-1OghCLGyPvTJ.jpg\" loading=\"lazy\"   height=\"2666\" width=\"4000\" alt=\"Ein Mann sitzt auf einem Stuhl und st&#xFC;tzt den Kopf in seine H&#xE4;nde &#x2013; der Geburtsmonat kann mit Depressionen zusammenh&#xE4;ngen. \"\/>Wissenschaftlich erwiesen: Der Monat, in dem du geboren wurdest, kann dich depressiv machen<\/a><\/p>\n<p class=\"id-StoryElement-paragraph\">Psychische Erkrankungen haben viele m\u00f6gliche Ausl\u00f6ser \u2013 von genetischen Faktoren \u00fcber Lebensumst\u00e4nde bis hin zu biologischen Einfl\u00fcssen. Nun r\u00fcckt ein Aspekt in den Fokus, an den wohl die wenigsten denken: der Geburtsmonat. Eine aktuelle kanadische Untersuchung liefert Hinweise darauf, dass er mit dem Risiko f\u00fcr Depressionen in Verbindung stehen k\u00f6nnte.<br \/>\n<br \/><a href=\"https:\/\/www.heidelberg24.de\/verbraucher\/studie-geburtsmonat-depression-risiko-erhoehen-mentale-gesundheit-wichtig-anfaellig-wie-kommt-93882932.html\" class=\"id-import-Link id-pageApi-Link--externalDomain\" data-id-ec=\"{&quot;sht&quot;:&quot;Container&quot;,&quot;shn&quot;:&quot;Story&quot;,&quot;p&quot;:{&quot;containerType&quot;:&quot;Paragraph&quot;,&quot;displayType&quot;:&quot;Paragraph InlineLink&quot;,&quot;type&quot;:&quot;INLINE_LINK&quot;,&quot;value&quot;:&quot;HEIDELBERG24 verr&#xE4;t, welchen Einfluss der Geburtsmonat wirklich hat&quot;,&quot;variant&quot;:&quot;standardLink&quot;,&quot;sponsored&quot;:false,&quot;linkHref&quot;:&quot;https:\/\/www.heidelberg24.de\/verbraucher\/studie-geburtsmonat-depression-risiko-erhoehen-mentale-gesundheit-wichtig-anfaellig-wie-kommt-93882932.html&quot;,&quot;storyElementPosition&quot;:10,&quot;storyElementCount&quot;:11}}\" rel=\"nofollow noopener\" target=\"_blank\">HEIDELBERG24 verr\u00e4t, welchen Einfluss der Geburtsmonat wirklich hat<\/a>.<\/p>\n<p class=\"id-StoryElement-paragraph\">Die Studie \u201cInvestigating the association between season of birth and symptoms of depression and anxiety in adults\u201d von der Kwantlen Polytechnic University untersuchte 303 Erwachsene. Die Forschenden nutzten Frageb\u00f6gen und analysierten, ob der Geburtsmonat mit der H\u00e4ufigkeit psychischer Symptome zusammenh\u00e4ngt. (bs)<\/p>\n","protected":false},"excerpt":{"rendered":"Startseite Verbraucher Stand: 14.08.2025, 14:16 Uhr Von: Beate Sturm DruckenTeilen Manche Ursachen f\u00fcr psychische Erkrankungen \u00fcberraschen \u2013 sogar&hellip;\n","protected":false},"author":2,"featured_media":344154,"comment_status":"","ping_status":"","sticky":false,"template":"","format":"standard","meta":{"footnotes":""},"categories":[137],"tags":[29,30,141,232],"class_list":{"0":"post-344153","1":"post","2":"type-post","3":"status-publish","4":"format-standard","5":"has-post-thumbnail","7":"category-gesundheit","8":"tag-deutschland","9":"tag-germany","10":"tag-gesundheit","11":"tag-health"},"share_on_mastodon":{"url":"https:\/\/pubeurope.com\/@de\/115027162208097227","error":""},"_links":{"self":[{"href":"https:\/\/www.europesays.com\/de\/wp-json\/wp\/v2\/posts\/344153","targetHints":{"allow":["GET"]}}],"collection":[{"href":"https:\/\/www.europesays.com\/de\/wp-json\/wp\/v2\/posts"}],"about":[{"href":"https:\/\/www.europesays.com\/de\/wp-json\/wp\/v2\/types\/post"}],"author":[{"embeddable":true,"href":"https:\/\/www.europesays.com\/de\/wp-json\/wp\/v2\/users\/2"}],"replies":[{"embeddable":true,"href":"https:\/\/www.europesays.com\/de\/wp-json\/wp\/v2\/comments?post=344153"}],"version-history":[{"count":0,"href":"https:\/\/www.europesays.com\/de\/wp-json\/wp\/v2\/posts\/344153\/revisions"}],"wp:featuredmedia":[{"embeddable":true,"href":"https:\/\/www.europesays.com\/de\/wp-json\/wp\/v2\/media\/344154"}],"wp:attachment":[{"href":"https:\/\/www.europesays.com\/de\/wp-json\/wp\/v2\/media?parent=344153"}],"wp:term":[{"taxonomy":"category","embeddable":true,"href":"https:\/\/www.europesays.com\/de\/wp-json\/wp\/v2\/categories?post=344153"},{"taxonomy":"post_tag","embeddable":true,"href":"https:\/\/www.europesays.com\/de\/wp-json\/wp\/v2\/tags?post=344153"}],"curies":[{"name":"wp","href":"https:\/\/api.w.org\/{rel}","templated":true}]}}