{"id":344163,"date":"2025-08-14T12:43:11","date_gmt":"2025-08-14T12:43:11","guid":{"rendered":"https:\/\/www.europesays.com\/de\/344163\/"},"modified":"2025-08-14T12:43:11","modified_gmt":"2025-08-14T12:43:11","slug":"israels-genehmigt-umstrittene-e1-siedlung-im-westjordanland","status":"publish","type":"post","link":"https:\/\/www.europesays.com\/de\/344163\/","title":{"rendered":"Israels genehmigt umstrittene E1-Siedlung im Westjordanland"},"content":{"rendered":"<p class=\"metatextline\">Stand: 14.08.2025 13:55 Uhr<\/p>\n<p class=\"textabsatz columns twelve  m-ten  m-offset-one l-eight l-offset-two\">\n        <strong>Die Pl\u00e4ne existieren seit vielen Jahren und sind hoch umstritten: Nun soll das Siedlungsprojekt E1 im Westjordanland kommen. Finanzminister Smotrich sagte, es gebe keine Chance f\u00fcr einen pal\u00e4stinensischen Staat.<\/strong>\n    <\/p>\n<p class=\"textabsatz m-ten m-offset-one l-eight l-offset-two columns twelve\">\nIsraels rechtsextremer Finanzminister Bezalel Smotrich hat Pl\u00e4ne f\u00fcr ein umstrittenes Siedlungsprojekt mit dem Namen E1 im Westjordanland genehmigt. Dadurch w\u00fcrde Ost-Jerusalem vom besetzten Westjordanland abgetrennt, wie aus einer Stellungnahme seines B\u00fcros hervorgeht.<\/p>\n<p class=\"textabsatz m-ten m-offset-one l-eight l-offset-two columns twelve\">\n&#8222;Ihr habt keine Chance, es wird keinen pal\u00e4stinensischen Staat geben&#8220;, sagte Smotrich w\u00e4hrend einer Pressekonferenz. Er richtete sich dabei an mehrere L\u00e4nder, die im September bei der Generalversammlung der Vereinten Nationen die Anerkennung verk\u00fcnden wollen. Die Zukunft des j\u00fcdischen Volkes werde nicht von \u00dcbersee aus entschieden, so Smotrich.<\/p>\n<p>    Smotrich beansprucht israelische Souver\u00e4nit\u00e4t<\/p>\n<p class=\"textabsatz m-ten m-offset-one l-eight l-offset-two columns twelve\">\n&#8222;Wenn ihr im September einen pal\u00e4stinensischen Staat anerkennt, wird unsere Antwort sein, volle israelische Souver\u00e4nit\u00e4t in allen Gebieten von Jud\u00e4a und Samaria (hebr\u00e4ische Bezeichnung f\u00fcr Westjordanland) geltend zu machen&#8220;, sagte Smotrich.<\/p>\n<p class=\"textabsatz m-ten m-offset-one l-eight l-offset-two columns twelve\">\nDas seit langem geplante aber zuletzt auf Eis gelegte Vorhaben ist als E1-Plan bekannt. Konkret geht es um den Bau von 3.401 H\u00e4usern f\u00fcr israelische Siedler zwischen einer bestehenden Siedlung im Westjordanland und Jerusalem.<\/p>\n<p class=\"absatzbild__info__text\">\n                        Laut Kritikern teilt das Siedlungsprojekt das Westjordanland praktisch in zwei Teile &#8211; was eine friedliche Zweistaatenl\u00f6sung unm\u00f6glich machen w\u00fcrde.\n                    <\/p>\n<p>    Schwerer R\u00fcckschlag f\u00fcr Zweistaatenl\u00f6sung<\/p>\n<p class=\"textabsatz m-ten m-offset-one l-eight l-offset-two columns twelve\">\nDie Pal\u00e4stinenser sehen in den neu geplanten Siedlungen eine Zerschneidung des Westjordanlandes in zwei Teile. Sie beanspruchen die Gebiete f\u00fcr einen eigenen Staat mit Ost-Jerusalem als Hauptstadt.<\/p>\n<p class=\"textabsatz m-ten m-offset-one l-eight l-offset-two columns twelve\">\nDas Au\u00dfenministerium der Pal\u00e4stinenserbeh\u00f6rde nannte den Plan eine Fortsetzung des V\u00f6lkermords, der Vertreibung und der Annexion von pal\u00e4stinensischen Gebieten.<\/p>\n<p class=\"textabsatz m-ten m-offset-one l-eight l-offset-two columns twelve\">\nDie israelische Organisation Peace Now, die die Aktivit\u00e4ten der Siedler beobachtet, schrieb in einem Beitrag auf X: &#8222;Wir stehen am Rande eines Abgrunds und die Regierung treibt uns mit voller Geschwindigkeit dorthin.&#8220; Die Pl\u00e4ne der Regierung w\u00fcrden &#8222;die territoriale Zusammengeh\u00f6rigkeit der Pal\u00e4stinenser blockieren und die Aussicht auf eine tragf\u00e4hige Zweistaatenl\u00f6sung zunichte machen&#8220;.<\/p>\n<p class=\"textabsatz m-ten m-offset-one l-eight l-offset-two columns twelve\">\nIsrael hatte die Baupl\u00e4ne <a href=\"https:\/\/www.tagesschau.de\/ausland\/israel-siedlungspolitik-ts-100.html\" title=\"Hintergrund: Israels Siedlungspolitik und die Pl\u00e4ne f\u00fcr E1\" target=\"_blank\" rel=\"noopener\">im Westjordanland seit 2012<\/a> wegen des Widerstands der USA, europ\u00e4ischer Verb\u00fcndeter und anderer L\u00e4nder eingefroren. Diese betrachten das Projekt als Bedrohung f\u00fcr ein k\u00fcnftiges Friedensabkommen mit den Pal\u00e4stinensern, also die sogenannte Zweistaatenl\u00f6sung die von der Netanjahu-Regierung bislang abgelehnt wird.<\/p>\n<p>    Nationalisten und Rechtsextreme tr\u00e4umen von der Annexion<\/p>\n<p class=\"textabsatz m-ten m-offset-one l-eight l-offset-two columns twelve\">\nIsrael hatte 1967 unter anderem das Westjordanland und Ost-Jerusalem erobert, wo heute mehr als 700.000 Siedler inmitten von rund drei Millionen Pal\u00e4stinensern leben. <a href=\"https:\/\/www.tagesschau.de\/ausland\/asien\/israel-igh-volkerrecht-100.html\" title=\"Israels Siedlungspolitik ist laut Internationalem Gerichtshof illegal\" target=\"_blank\" rel=\"noopener\">Die israelischen Siedlungen dort sind nach internationalem Recht illegal.<\/a> Rechtsextreme Politiker in Israel, auch Regierungsmitglieder, sprechen immer wieder offen von einer Annexion des Westjordanlandes.<\/p>\n<p class=\"textabsatz m-ten m-offset-one l-eight l-offset-two columns twelve\">\nDie deutsche Bundesregierung hatte die israelische Regierung zuletzt dringend aufgefordert &#8222;keine weiteren Schritte hin zu einer Annexion des Westjordanlands zu unternehmen&#8220;. Zudem hatten mehrere Staaten zuletzt Pal\u00e4stina als unabh\u00e4ngigen Staat anerkannt oder planen, dies zu tun.<\/p>\n","protected":false},"excerpt":{"rendered":"Stand: 14.08.2025 13:55 Uhr Die Pl\u00e4ne existieren seit vielen Jahren und sind hoch umstritten: Nun soll das Siedlungsprojekt&hellip;\n","protected":false},"author":2,"featured_media":344164,"comment_status":"","ping_status":"","sticky":false,"template":"","format":"standard","meta":{"footnotes":""},"categories":[3],"tags":[13,411,14,6000,15,12,96211,10,8,9,11,103,12184,104],"class_list":{"0":"post-344163","1":"post","2":"type-post","3":"status-publish","4":"format-standard","5":"has-post-thumbnail","7":"category-welt","8":"tag-headlines","9":"tag-israel","10":"tag-nachrichten","11":"tag-nahost","12":"tag-news","13":"tag-schlagzeilen","14":"tag-siedlungsbau","15":"tag-top-news","16":"tag-top-meldungen","17":"tag-topmeldungen","18":"tag-topnews","19":"tag-welt","20":"tag-westjordanland","21":"tag-world"},"share_on_mastodon":{"url":"https:\/\/pubeurope.com\/@de\/115027182292930320","error":""},"_links":{"self":[{"href":"https:\/\/www.europesays.com\/de\/wp-json\/wp\/v2\/posts\/344163","targetHints":{"allow":["GET"]}}],"collection":[{"href":"https:\/\/www.europesays.com\/de\/wp-json\/wp\/v2\/posts"}],"about":[{"href":"https:\/\/www.europesays.com\/de\/wp-json\/wp\/v2\/types\/post"}],"author":[{"embeddable":true,"href":"https:\/\/www.europesays.com\/de\/wp-json\/wp\/v2\/users\/2"}],"replies":[{"embeddable":true,"href":"https:\/\/www.europesays.com\/de\/wp-json\/wp\/v2\/comments?post=344163"}],"version-history":[{"count":0,"href":"https:\/\/www.europesays.com\/de\/wp-json\/wp\/v2\/posts\/344163\/revisions"}],"wp:featuredmedia":[{"embeddable":true,"href":"https:\/\/www.europesays.com\/de\/wp-json\/wp\/v2\/media\/344164"}],"wp:attachment":[{"href":"https:\/\/www.europesays.com\/de\/wp-json\/wp\/v2\/media?parent=344163"}],"wp:term":[{"taxonomy":"category","embeddable":true,"href":"https:\/\/www.europesays.com\/de\/wp-json\/wp\/v2\/categories?post=344163"},{"taxonomy":"post_tag","embeddable":true,"href":"https:\/\/www.europesays.com\/de\/wp-json\/wp\/v2\/tags?post=344163"}],"curies":[{"name":"wp","href":"https:\/\/api.w.org\/{rel}","templated":true}]}}