{"id":344167,"date":"2025-08-14T12:45:18","date_gmt":"2025-08-14T12:45:18","guid":{"rendered":"https:\/\/www.europesays.com\/de\/344167\/"},"modified":"2025-08-14T12:45:18","modified_gmt":"2025-08-14T12:45:18","slug":"virus-in-usa-gruselige-tentakel-wucherungen-bei-kaninchen-leben-wissen","status":"publish","type":"post","link":"https:\/\/www.europesays.com\/de\/344167\/","title":{"rendered":"Virus in USA: Gruselige Tentakel-Wucherungen bei Kaninchen | Leben &#038; Wissen"},"content":{"rendered":"<p> An dieser Stelle findest du den Text-to-Speech Player<\/p>\n<p> Um den TTS Player darzustellen, brauchen wir deine Zustimmung. <\/p>\n<p> externen Inhalt aktivieren  Um eingebettete Inhalte anzuzeigen, ist Ihre jederzeit widerrufliche Einwilligung (\u00fcber den Schalter oder \u00fcber &#8220; <a class=\"embed-placeholder__text-link\" href=\"#\" rel=\"noopener noreferrer\" title=\"Tracking widerrufen\"> Widerruf Tracking und Cookies<\/a> &#8220; am Seitenende) zur Verarbeitung personenbezogener Daten n\u00f6tig.  Dabei k\u00f6nnen Daten in Drittl\u00e4nder wie die USA \u00fcbermittelt werden (Art. 49 Abs. 1 lit. a DSGVO). Mit dem Aktivieren des Inhalts stimmen Sie zu. Weitere Infos finden Sie <a class=\"embed-placeholder__text-link\" href=\"#\" rel=\"noopener noreferrer\" title=\"Zu den Privatsph\u00e4re Einstellungen\"> hier<\/a>. <\/p>\n<p><b>Ein Virus sorgt derzeit in den USA f\u00fcr Aufsehen \u2013 und f\u00fcr verst\u00f6rende Bilder: Bei einer bestimmten Kaninchen-Art f\u00fchren Infektionen dazu, dass den Tieren schwarze, tentakelartige Wucherungen aus dem Kopf wachsen.<\/b><\/p>\n<p>Mehrfach wurden diese \u201eFrankenstein\u201c-Kaninchen in Fort Collins, Colorado, gesichtet. Eine Anwohnerin erz\u00e4hlte \u201e9News\u201c, sie habe ein Kaninchen gesehen, dem etwas aus dem Maul ragte, das aussah wie \u201eschwarze Stacheln oder schwarze Zahnstocher rund um sein Maul\u201c.  <\/p>\n<p>Mehr zum ThemaVirus kann zum Verhungern f\u00fchren<\/p>\n<p>Ausgel\u00f6st wird das krankhafte Wachstum durch das Cottontail Papillomavirus, das speziell bei wilden Baumwollschwanzkaninchen <a href=\"https:\/\/www.bild.de\/themen\/specials\/tumor\/ratgeber-gesundheit-nachrichten-news-fotos-videos-20534860.bild.html\" class=\"text-link\" rel=\"nofollow noopener\" target=\"_blank\">Tumore<\/a> im Kopfbereich verursacht. \u00dcbertragen wird es laut Experten durch Parasiten wie <a href=\"https:\/\/www.bild.de\/leben-wissen\/zecken-experten-sind-alarmiert-es-gibt-so-viele-wie-noch-nie-6853d6705cc1ca15643e1d76\" class=\"text-link\" rel=\"nofollow noopener\" target=\"_blank\">Zecken<\/a> und Fl\u00f6he, die das Virus weitergeben.<\/p>\n<p>Kara Van Hoose, Sprecherin von Colorado Parks and Wildlife, erkl\u00e4rte gegen\u00fcber dem \u201eColoradoan\u201c: \u201eKaninchen infizieren sich normalerweise in den w\u00e4rmeren Sommermonaten durch Bisse von Insekten wie Fl\u00f6hen und Zecken.\u201c<\/p>\n<p>Zwar wurden die j\u00fcngsten F\u00e4lle in Colorado gemeldet, doch das <a href=\"https:\/\/www.bild.de\/themen\/specials\/hygienevorschriften\/haushalt-nachrichten-news-fotos-videos-19727922.bild.html\" class=\"text-link\" rel=\"nofollow noopener\" target=\"_blank\">Virus<\/a> tritt besonders h\u00e4ufig im Mittleren Westen der USA auf. Bereits 2013 machte ein Fall aus Minnesota Schlagzeilen: Ein Einwohner filmte ein infiziertes Tier in seinem Garten und nannte es \u201eFrankenstein-Hase\u201c.<\/p>\n<p><img decoding=\"async\" width=\"992\" height=\"558\" alt=\"Andere Anwohner beschrieben das groteske Erscheinungsbild: \u201eKr\u00e4tzartig aussehende Wucherung im Gesicht\u201c\" src=\"https:\/\/www.europesays.com\/de\/wp-content\/uploads\/2025\/08\/3c90fd9e507b8370723ff1b0b4873a31,340fda4a\"   class=\"landscape\" loading=\"lazy\"\/><\/p>\n<p class=\"fig__caption__text\">Andere Anwohner beschrieben das groteske Erscheinungsbild: \u201eKr\u00e4tzartig aussehende Wucherung im Gesicht\u201c<\/p>\n<p>Foto: action press<\/p>\n<p>Angesichts der zunehmenden Sichtungen warnen Wildtier-Experten dringend davor, betroffene Tiere anzufassen oder sich ihnen zu n\u00e4hern. Allerdings sei das <a href=\"https:\/\/www.bild.de\/themen\/specials\/infektionskrankheit\/gesundheit-nachrichten-news-fotos-videos-15883182.bild.html\" class=\"text-link\" rel=\"nofollow noopener\" target=\"_blank\">Virus<\/a> nur unter Kaninchen hochansteckend, f\u00fcr Menschen und <a href=\"https:\/\/www.bild.de\/themen\/specials\/haustiere\/nachrichten-news-fotos-videos-ratgeber-19487408.bild.html\" class=\"text-link\" rel=\"nofollow noopener\" target=\"_blank\">Haustiere<\/a> jedoch ungef\u00e4hrlich. <\/p>\n<p>F\u00fcr die infizierten Kaninchen allerdings sieht es weniger gut aus: Zwar k\u00f6nnen sich die Tumore manchmal von selbst zur\u00fcckbilden, doch in vielen F\u00e4llen wachsen sie so stark, dass das Tier nicht mehr fressen kann und schlie\u00dflich verhungert, berichtet die \u201e<a href=\"https:\/\/www.dailymail.co.uk\/sciencetech\/article-14993099\/Frankenstein-rabbits-tentacles-heads-colorado.html\" target=\"_blank\" rel=\"noopener nofollow\" class=\"text-link--external text-link\">Daily Mail<\/a>\u201c.<\/p>\n<p>Zudem verl\u00e4uft die Krankheit bei Hauskaninchen oft schwerer. Experten bef\u00fcrchten, dass infizierte <a href=\"https:\/\/www.bild.de\/themen\/specials\/tiere\/news-fotos-videos-alles-zum-thema-17019684.bild.html\" class=\"text-link\" rel=\"nofollow noopener\" target=\"_blank\">Tiere<\/a> eine aggressive Form von Hautkrebs entwickeln, die t\u00f6dlich enden kann. Wird ein Kaninchen infiziert, k\u00f6nnen die Tumore chirurgisch entfernt werden, bevor sie entarten.<\/p>\n<p><img decoding=\"async\" width=\"992\" height=\"558\" alt=\"Eine Heilung f\u00fcr CRPV gibt es bislang jedoch nicht\" src=\"https:\/\/www.europesays.com\/de\/wp-content\/uploads\/2025\/08\/6b6ee5942225459e60f60d8315ff10ec,874b40b8\"   class=\"landscape\" loading=\"lazy\"\/><\/p>\n<p class=\"fig__caption__text\">Eine Heilung f\u00fcr CRPV gibt es bislang jedoch nicht<\/p>\n<p>Foto: Universal Images Group via Getty Images<\/p>\n","protected":false},"excerpt":{"rendered":"An dieser Stelle findest du den Text-to-Speech Player Um den TTS Player darzustellen, brauchen wir deine Zustimmung. externen&hellip;\n","protected":false},"author":2,"featured_media":344168,"comment_status":"","ping_status":"","sticky":false,"template":"","format":"standard","meta":{"footnotes":"","_share_on_mastodon":"0"},"categories":[5],"tags":[13,9469,15550,14,15,12,8868,45,10,8,9,11,13412,2630],"class_list":["post-344167","post","type-post","status-publish","format-standard","has-post-thumbnail","category-nachrichten","tag-headlines","tag-infektionskrankheit","tag-kaninchen","tag-nachrichten","tag-news","tag-schlagzeilen","tag-seuche","tag-texttospeech","tag-top-news","tag-top-meldungen","tag-topmeldungen","tag-topnews","tag-viren","tag-zecken"],"share_on_mastodon":{"url":"https:\/\/pubeurope.com\/@de\/115027189710619116","error":""},"_links":{"self":[{"href":"https:\/\/www.europesays.com\/de\/wp-json\/wp\/v2\/posts\/344167","targetHints":{"allow":["GET"]}}],"collection":[{"href":"https:\/\/www.europesays.com\/de\/wp-json\/wp\/v2\/posts"}],"about":[{"href":"https:\/\/www.europesays.com\/de\/wp-json\/wp\/v2\/types\/post"}],"author":[{"embeddable":true,"href":"https:\/\/www.europesays.com\/de\/wp-json\/wp\/v2\/users\/2"}],"replies":[{"embeddable":true,"href":"https:\/\/www.europesays.com\/de\/wp-json\/wp\/v2\/comments?post=344167"}],"version-history":[{"count":0,"href":"https:\/\/www.europesays.com\/de\/wp-json\/wp\/v2\/posts\/344167\/revisions"}],"wp:featuredmedia":[{"embeddable":true,"href":"https:\/\/www.europesays.com\/de\/wp-json\/wp\/v2\/media\/344168"}],"wp:attachment":[{"href":"https:\/\/www.europesays.com\/de\/wp-json\/wp\/v2\/media?parent=344167"}],"wp:term":[{"taxonomy":"category","embeddable":true,"href":"https:\/\/www.europesays.com\/de\/wp-json\/wp\/v2\/categories?post=344167"},{"taxonomy":"post_tag","embeddable":true,"href":"https:\/\/www.europesays.com\/de\/wp-json\/wp\/v2\/tags?post=344167"}],"curies":[{"name":"wp","href":"https:\/\/api.w.org\/{rel}","templated":true}]}}