{"id":344204,"date":"2025-08-14T13:05:11","date_gmt":"2025-08-14T13:05:11","guid":{"rendered":"https:\/\/www.europesays.com\/de\/344204\/"},"modified":"2025-08-14T13:05:11","modified_gmt":"2025-08-14T13:05:11","slug":"bochum-prozessauftakt-zu-raubdelikten-radio-bochum","status":"publish","type":"post","link":"https:\/\/www.europesays.com\/de\/344204\/","title":{"rendered":"Bochum: Prozessauftakt zu Raubdelikten &#8211; Radio Bochum"},"content":{"rendered":"<p>Prozessauftakt in Bochum<\/p>\n<p>Nach einer Serie von Diebst\u00e4hlen und Raubtaten in Bochum steht ein 30-j\u00e4hriger Mann seit Donnerstag (14.08.) vor dem Bochumer Landgericht.\u00a0Innerhalb von drei Monaten soll der Angeklagte im vergangenen Jahr vier Mal aufgefallen sein. So soll er einem Mann in einer Spielhalle mit Drohungen seinen Gewinn abgenommen haben. Mit einer \u00e4hnlichen Methode soll er einem Opfer in der Gu\u00dfstahlstra\u00dfe zun\u00e4chst seinen Rucksack gestohlen und dann f\u00fcr die R\u00fcckgabe Geld gefordert haben. Au\u00dferdem soll er mit Drogen im Rotlichtviertel\u00a0erwischt worden sein, sowie dort einen Mann verpr\u00fcgelt haben. Zum\u00a0Prozessbeginn hat er die Vorw\u00fcrfe bestritten.<\/p>\n","protected":false},"excerpt":{"rendered":"Prozessauftakt in Bochum Nach einer Serie von Diebst\u00e4hlen und Raubtaten in Bochum steht ein 30-j\u00e4hriger Mann seit Donnerstag&hellip;\n","protected":false},"author":2,"featured_media":57580,"comment_status":"","ping_status":"","sticky":false,"template":"","format":"standard","meta":{"footnotes":""},"categories":[1839],"tags":[7507,3364,29,433,30,1209,4576],"class_list":{"0":"post-344204","1":"post","2":"type-post","3":"status-publish","4":"format-standard","5":"has-post-thumbnail","7":"category-bochum","8":"tag-bochum","9":"tag-de","10":"tag-deutschland","11":"tag-drogen","12":"tag-germany","13":"tag-nordrhein-westfalen","14":"tag-raub"},"share_on_mastodon":{"url":"","error":""},"_links":{"self":[{"href":"https:\/\/www.europesays.com\/de\/wp-json\/wp\/v2\/posts\/344204","targetHints":{"allow":["GET"]}}],"collection":[{"href":"https:\/\/www.europesays.com\/de\/wp-json\/wp\/v2\/posts"}],"about":[{"href":"https:\/\/www.europesays.com\/de\/wp-json\/wp\/v2\/types\/post"}],"author":[{"embeddable":true,"href":"https:\/\/www.europesays.com\/de\/wp-json\/wp\/v2\/users\/2"}],"replies":[{"embeddable":true,"href":"https:\/\/www.europesays.com\/de\/wp-json\/wp\/v2\/comments?post=344204"}],"version-history":[{"count":0,"href":"https:\/\/www.europesays.com\/de\/wp-json\/wp\/v2\/posts\/344204\/revisions"}],"wp:featuredmedia":[{"embeddable":true,"href":"https:\/\/www.europesays.com\/de\/wp-json\/wp\/v2\/media\/57580"}],"wp:attachment":[{"href":"https:\/\/www.europesays.com\/de\/wp-json\/wp\/v2\/media?parent=344204"}],"wp:term":[{"taxonomy":"category","embeddable":true,"href":"https:\/\/www.europesays.com\/de\/wp-json\/wp\/v2\/categories?post=344204"},{"taxonomy":"post_tag","embeddable":true,"href":"https:\/\/www.europesays.com\/de\/wp-json\/wp\/v2\/tags?post=344204"}],"curies":[{"name":"wp","href":"https:\/\/api.w.org\/{rel}","templated":true}]}}