{"id":344224,"date":"2025-08-14T13:16:18","date_gmt":"2025-08-14T13:16:18","guid":{"rendered":"https:\/\/www.europesays.com\/de\/344224\/"},"modified":"2025-08-14T13:16:18","modified_gmt":"2025-08-14T13:16:18","slug":"frankenbad-ergebnisse-der-machbarkeitsstudie-zu-sanierung-liegen-vor","status":"publish","type":"post","link":"https:\/\/www.europesays.com\/de\/344224\/","title":{"rendered":"Frankenbad: Ergebnisse der Machbarkeitsstudie zu Sanierung liegen vor"},"content":{"rendered":"<p>                            14.08.2025<\/p>\n<p>Die Stadt Bonn hat die Ergebnisse der umfassenden Machbarkeitsstudie zur denkmalgerechten und energetischen Sanierung des Frankenbads erhalten und informiert dazu in einer aktuellen Mitteilungsvorlage.<\/p>\n<p>Die Studie, die vom St\u00e4dtischen Geb\u00e4udemanagement Bonn (SGB) in Auftrag gegeben und von einem interdisziplin\u00e4ren Planungsteam unter Leitung von ava Anderhalten Architekten durchgef\u00fchrt wurde, liefert eine fundierte Entscheidungsgrundlage f\u00fcr die Zukunft des traditionsreichen Hallenbads in der Bonner Nordstadt.<\/p>\n<p>Das Frankenbad, seit 1963 in Betrieb und seit 1996 unter Denkmalschutz, weist auch nach mehr als 60 Jahren Nutzung eine solide bauliche Substanz auf. Gleichzeitig bestehen erhebliche technische und energetische Defizite, die eine grundlegende Sanierung erfordern. Ziel der Machbarkeitsstudie war es, die Vereinbarkeit von Klimazielen und Denkmalschutz zu pr\u00fcfen und eine wirtschaftlich tragf\u00e4hige L\u00f6sung zu entwickeln.<\/p>\n<p>Energetische Varianten: Vergleich EG 70 und EG 40<\/p>\n<p>Die Studie vergleicht zwei energetische Standards:<\/p>\n<ul>&#13;<\/p>\n<li>EG 70: Erf\u00fcllt die gesetzlichen Mindestanforderungen.<\/li>\n<p>&#13;<\/p>\n<li>EG 40: Entspricht den Klimazielen der Stadt Bonn (\u201eKlimaneutralit\u00e4t 2035\u201c) und wird als bevorzugte Variante empfohlen.<\/li>\n<p>&#13;\n<\/ul>\n<p>Beide Varianten lassen sich grunds\u00e4tzlich denkmalvertr\u00e4glich umsetzen. Die Variante EG 40 bietet eine h\u00f6here Energieeffizienz bei nur geringf\u00fcgig h\u00f6heren Kosten und senkt den Endenergiebedarf um rund 59 Prozent.\u00a0Eine Wirtschaftlichkeitsanalyse zeigt, dass die Sanierung nach EG 40 langfristig g\u00fcnstiger ist. Die CO\u2082-Emissionen \u00fcber die Betriebsdauer w\u00fcrden um 65 Prozent reduziert. Die Studie ber\u00fccksichtigt auch soziale und strategische Aspekte wie Quartiersnutzung und Verf\u00fcgbarkeit.<\/p>\n<p><a class=\"SP-FixedSize__raiser\" rel=\"nofollow noopener\" title=\"Bild vergr\u00f6\u00dfern\" href=\"https:\/\/www.bonn.de\/pressemitteilungen\/august\/Frankenbad-bonn-Ergebnisse-der-Machbarkeitsstudie-zu-Sanierung-liegen-vor.php.media\/290310\/Bild-aus-Machbarkeitsstudie-Frankenbad.jpg.scaled\/df582559ae5dfd11e57ccc2791592517.jpg\" target=\"_blank\" style=\"padding-top:58.4912%;\"><\/a><a class=\"SP-Asset__copyright\" href=\"#ODYxMDEzNjcy\" data-sp-rel=\"copyright\" title=\"Copyright anzeigen\"><\/a>Visualisierung des Innenhofs aus der Machbarkeitsstudie.Quartiersnahe Nutzung und Barrierefreiheit<\/p>\n<p>Neben der Sanierung des Badebetriebs sieht die Studie eine st\u00e4rkere Einbindung des Frankenbads ins Quartier vor. Geplant sind barrierefreie Zug\u00e4nge, neue R\u00e4ume f\u00fcr Nachbarschaftsnutzung (\u201eVeedelsnutzung\u201c) und die Reaktivierung des historischen Innenhofes. Das Bad soll so zu einem lebendigen sozialen Zentrum in der Nordstadt werden.<\/p>\n<p>Die gesch\u00e4tzten Gesamtprojektkosten der Variante EG 40 liegen bei rund 72,8 Millionen Euro inklusive Baupreissteigerung und Risikozuschlag. Weitere Informationen und die gesamte Studie sind <a class=\"SP-Paragraph__link\" href=\"https:\/\/www.bonn-verwaltung.sitzung-online.de\/public\/vo020?VOLFDNR=2023881&amp;refresh=false\" target=\"_blank\" rel=\"noopener nofollow\">\u00a0hier (\u00d6ffnet in einem neuen Tab)<\/a> im Ratsinformationssystem der Stadt Bonn abrufbar. Die Verwaltung wird f\u00fcr die politischen Gremien eine entsprechende Beschlussvorlage erstellen, \u00fcber die dann im neu gew\u00e4hlten Rat entschieden werden kann.<\/p>\n<p>                            Sie befinden sich hier:<\/p>\n<ol class=\"SP-Path__list\">\n<li class=\"SP-Path__item\"><a class=\"SP-Path__link\" href=\"https:\/\/www.bonn.de\/index.php\" rel=\"nofollow noopener\" target=\"_blank\">Startseite<\/a><\/li>\n<li class=\"SP-Path__item\"><a class=\"SP-Path__link\" href=\"https:\/\/www.bonn.de\/service-bieten\/index.php\" rel=\"nofollow noopener\" target=\"_blank\">Service bieten.<\/a><\/li>\n<li class=\"SP-Path__item\"><a class=\"SP-Path__link\" href=\"https:\/\/www.bonn.de\/service-bieten\/aktuelles-zahlen-fakten\/index.php\" rel=\"nofollow noopener\" target=\"_blank\">Aktuelles. Zahlen. Fakten.<\/a><\/li>\n<li class=\"SP-Path__item\"><a class=\"SP-Path__link\" href=\"https:\/\/www.bonn.de\/service-bieten\/aktuelles-zahlen-fakten\/newsroom.php\" rel=\"nofollow noopener\" target=\"_blank\">Newsroom.<\/a><\/li>\n<li class=\"SP-Path__item\"><a class=\"SP-Path__link\" href=\"https:\/\/www.bonn.de\/pressemitteilungen\/index.php\" rel=\"nofollow noopener\" target=\"_blank\">Aktuelle Meldungen.<\/a><\/li>\n<li class=\"SP-Path__item\"><strong class=\"SP-Path__self\">Frankenbad: Ergebnisse der Machbarkeitsstudie zu Sanierung liegen vor<\/strong><\/li>\n<\/ol>\n<p>Erl\u00e4uterungen und HinweiseBildnachweise<\/p>\n<ul class=\"SP-Annotations__list\">\n<li class=\"SP-Annotations__item\" id=\"ODYxMDEzNjcy\">ava Anderhalten Architekten<\/li>\n<\/ul>\n","protected":false},"excerpt":{"rendered":"14.08.2025 Die Stadt Bonn hat die Ergebnisse der umfassenden Machbarkeitsstudie zur denkmalgerechten und energetischen Sanierung des Frankenbads erhalten&hellip;\n","protected":false},"author":2,"featured_media":344225,"comment_status":"","ping_status":"","sticky":false,"template":"","format":"standard","meta":{"footnotes":""},"categories":[1842],"tags":[1741,3364,29,30,1209],"class_list":{"0":"post-344224","1":"post","2":"type-post","3":"status-publish","4":"format-standard","5":"has-post-thumbnail","7":"category-bonn","8":"tag-bonn","9":"tag-de","10":"tag-deutschland","11":"tag-germany","12":"tag-nordrhein-westfalen"},"share_on_mastodon":{"url":"https:\/\/pubeurope.com\/@de\/115027311563532264","error":""},"_links":{"self":[{"href":"https:\/\/www.europesays.com\/de\/wp-json\/wp\/v2\/posts\/344224","targetHints":{"allow":["GET"]}}],"collection":[{"href":"https:\/\/www.europesays.com\/de\/wp-json\/wp\/v2\/posts"}],"about":[{"href":"https:\/\/www.europesays.com\/de\/wp-json\/wp\/v2\/types\/post"}],"author":[{"embeddable":true,"href":"https:\/\/www.europesays.com\/de\/wp-json\/wp\/v2\/users\/2"}],"replies":[{"embeddable":true,"href":"https:\/\/www.europesays.com\/de\/wp-json\/wp\/v2\/comments?post=344224"}],"version-history":[{"count":0,"href":"https:\/\/www.europesays.com\/de\/wp-json\/wp\/v2\/posts\/344224\/revisions"}],"wp:featuredmedia":[{"embeddable":true,"href":"https:\/\/www.europesays.com\/de\/wp-json\/wp\/v2\/media\/344225"}],"wp:attachment":[{"href":"https:\/\/www.europesays.com\/de\/wp-json\/wp\/v2\/media?parent=344224"}],"wp:term":[{"taxonomy":"category","embeddable":true,"href":"https:\/\/www.europesays.com\/de\/wp-json\/wp\/v2\/categories?post=344224"},{"taxonomy":"post_tag","embeddable":true,"href":"https:\/\/www.europesays.com\/de\/wp-json\/wp\/v2\/tags?post=344224"}],"curies":[{"name":"wp","href":"https:\/\/api.w.org\/{rel}","templated":true}]}}