{"id":344226,"date":"2025-08-14T13:17:10","date_gmt":"2025-08-14T13:17:10","guid":{"rendered":"https:\/\/www.europesays.com\/de\/344226\/"},"modified":"2025-08-14T13:17:10","modified_gmt":"2025-08-14T13:17:10","slug":"baby-tot-geschuettelt-zehn-jahre-haft-fuer-vater","status":"publish","type":"post","link":"https:\/\/www.europesays.com\/de\/344226\/","title":{"rendered":"Baby tot gesch\u00fcttelt \u2013 zehn Jahre Haft f\u00fcr Vater"},"content":{"rendered":"<p class=\"text_ohne_einzug richtext text-em-55 !leading-serif mx-6 desktop:mx-0\">Weil er sein Baby tot gesch\u00fcttelt hat, ist ein Mann vor dem Landgericht Bonn zu zehn Jahren Haft verurteilt worden. Schuldig gesprochen wurde er unter anderem wegen Totschlags, wie eine Gerichtssprecherin am Donnerstag sagte. Die mitangeklagte Mutter des Kindes erhielt wegen K\u00f6rperverletzung mit Todesfolge durch Unterlassen eine Bew\u00e4hrungsstrafe von anderthalb Jahren.<\/p>\n<p class=\"richtext text-em-55 !leading-serif mx-6 desktop:mx-0\">Die zust\u00e4dige Kammer sah es demnach als erwiesen an, dass der 28-j\u00e4hrige Vater das sieben Wochen alte Kind im Oktober so heftig sch\u00fcttelte, dass es einige Wochen sp\u00e4ter an den Folgen starb. Weil die Mutter nach Ansicht der Kammer bei der Tat zusah und nicht eingriff, wurde sie ebenfalls verurteilt.<\/p>\n","protected":false},"excerpt":{"rendered":"Weil er sein Baby tot gesch\u00fcttelt hat, ist ein Mann vor dem Landgericht Bonn zu zehn Jahren Haft&hellip;\n","protected":false},"author":2,"featured_media":344227,"comment_status":"","ping_status":"","sticky":false,"template":"","format":"standard","meta":{"footnotes":""},"categories":[1842],"tags":[1290,1741,3364,29,30,96217,3029,18535,981,1209,978,4191,27541],"class_list":{"0":"post-344226","1":"post","2":"type-post","3":"status-publish","4":"format-standard","5":"has-post-thumbnail","7":"category-bonn","8":"tag-baby","9":"tag-bonn","10":"tag-de","11":"tag-deutschland","12":"tag-germany","13":"tag-geschuettelt","14":"tag-haft","15":"tag-kammer","16":"tag-mutter","17":"tag-nordrhein-westfalen","18":"tag-tot","19":"tag-vater","20":"tag-verurteilt"},"share_on_mastodon":{"url":"https:\/\/pubeurope.com\/@de\/115027315516743235","error":""},"_links":{"self":[{"href":"https:\/\/www.europesays.com\/de\/wp-json\/wp\/v2\/posts\/344226","targetHints":{"allow":["GET"]}}],"collection":[{"href":"https:\/\/www.europesays.com\/de\/wp-json\/wp\/v2\/posts"}],"about":[{"href":"https:\/\/www.europesays.com\/de\/wp-json\/wp\/v2\/types\/post"}],"author":[{"embeddable":true,"href":"https:\/\/www.europesays.com\/de\/wp-json\/wp\/v2\/users\/2"}],"replies":[{"embeddable":true,"href":"https:\/\/www.europesays.com\/de\/wp-json\/wp\/v2\/comments?post=344226"}],"version-history":[{"count":0,"href":"https:\/\/www.europesays.com\/de\/wp-json\/wp\/v2\/posts\/344226\/revisions"}],"wp:featuredmedia":[{"embeddable":true,"href":"https:\/\/www.europesays.com\/de\/wp-json\/wp\/v2\/media\/344227"}],"wp:attachment":[{"href":"https:\/\/www.europesays.com\/de\/wp-json\/wp\/v2\/media?parent=344226"}],"wp:term":[{"taxonomy":"category","embeddable":true,"href":"https:\/\/www.europesays.com\/de\/wp-json\/wp\/v2\/categories?post=344226"},{"taxonomy":"post_tag","embeddable":true,"href":"https:\/\/www.europesays.com\/de\/wp-json\/wp\/v2\/tags?post=344226"}],"curies":[{"name":"wp","href":"https:\/\/api.w.org\/{rel}","templated":true}]}}