{"id":344250,"date":"2025-08-14T13:30:14","date_gmt":"2025-08-14T13:30:14","guid":{"rendered":"https:\/\/www.europesays.com\/de\/344250\/"},"modified":"2025-08-14T13:30:14","modified_gmt":"2025-08-14T13:30:14","slug":"harte-strafe-nach-angriff-auf-kiosk-betreiber","status":"publish","type":"post","link":"https:\/\/www.europesays.com\/de\/344250\/","title":{"rendered":"Harte Strafe nach Angriff auf Kiosk-Betreiber?"},"content":{"rendered":"<p>\t\tHarte Strafe nach Kiosk-Angriff?<br \/>\n\t\t\t\t\t\u201eWer so handelt, nimmt t\u00f6dliche Verletzungen in Kauf\u201c<\/p>\n<p>\t\t<img alt=\"\" src=\"https:\/\/www.europesays.com\/de\/wp-content\/uploads\/2025\/04\/630_0036_602595_.jpg\"  class=\"avatar avatar-36 photo avatar-default\" height=\"36\" width=\"36\" loading=\"lazy\" decoding=\"async\"\/>\t\t<a class=\"article-author__name\" href=\"https:\/\/www.ruhrnachrichten.de\/author\/martin-von-braunschweig\/\" rel=\"author nofollow noopener\" target=\"_blank\">Martin von Braunschweig<\/a><br \/>\n\t\tGerichtsreporter<\/p>\n<p>    <a href=\"https:\/\/www.ruhrnachrichten.de\/wp-content\/uploads\/2025\/08\/14\/12\/630_0900_4946830_Rechtsanwalt_Simonis-1648x824.jpg\" rel=\"nofollow noopener\" target=\"_blank\"><\/p>\n<p>            <img loading=\"lazy\" decoding=\"async\" src=\"https:\/\/www.europesays.com\/de\/wp-content\/uploads\/2025\/08\/630_0900_4946829_Rechtsanwalt_Simonis-640x428.jpg\" width=\"640\" height=\"428\"  alt=\"Rechtsanwalt Christian Simonis vertritt das Opfer vor Gericht.\"\/><\/p>\n<p>    <\/a><br \/>\n    Rechtsanwalt Christian Simonis vertritt das Opfer vor Gericht. \u00a9 Martin von Braunschweig<\/p>\n<p class=\"article__teaser-text\">Bei einem \u00dcberfall wurde ein Kiosk-Betreiber aus der Nordstadt mit einem Cutter-Messer schwer verletzt. Dem mutma\u00dflichen T\u00e4ter erwartet eine harte Strafe.<\/p>\n<p>1 Min Lesezeit<\/p>\n<p>Video zeigt SticheUrteil im September<\/p>\n","protected":false},"excerpt":{"rendered":"Harte Strafe nach Kiosk-Angriff? \u201eWer so handelt, nimmt t\u00f6dliche Verletzungen in Kauf\u201c Martin von Braunschweig Gerichtsreporter Rechtsanwalt Christian&hellip;\n","protected":false},"author":2,"featured_media":344251,"comment_status":"","ping_status":"","sticky":false,"template":"","format":"standard","meta":{"footnotes":""},"categories":[1833],"tags":[3364,29,217,30,4933,1209,3826],"class_list":{"0":"post-344250","1":"post","2":"type-post","3":"status-publish","4":"format-standard","5":"has-post-thumbnail","7":"category-dortmund","8":"tag-de","9":"tag-deutschland","10":"tag-dortmund","11":"tag-germany","12":"tag-landgericht","13":"tag-nordrhein-westfalen","14":"tag-sicherheit-kriminalitaet"},"share_on_mastodon":{"url":"https:\/\/pubeurope.com\/@de\/115027366651753182","error":""},"_links":{"self":[{"href":"https:\/\/www.europesays.com\/de\/wp-json\/wp\/v2\/posts\/344250","targetHints":{"allow":["GET"]}}],"collection":[{"href":"https:\/\/www.europesays.com\/de\/wp-json\/wp\/v2\/posts"}],"about":[{"href":"https:\/\/www.europesays.com\/de\/wp-json\/wp\/v2\/types\/post"}],"author":[{"embeddable":true,"href":"https:\/\/www.europesays.com\/de\/wp-json\/wp\/v2\/users\/2"}],"replies":[{"embeddable":true,"href":"https:\/\/www.europesays.com\/de\/wp-json\/wp\/v2\/comments?post=344250"}],"version-history":[{"count":0,"href":"https:\/\/www.europesays.com\/de\/wp-json\/wp\/v2\/posts\/344250\/revisions"}],"wp:featuredmedia":[{"embeddable":true,"href":"https:\/\/www.europesays.com\/de\/wp-json\/wp\/v2\/media\/344251"}],"wp:attachment":[{"href":"https:\/\/www.europesays.com\/de\/wp-json\/wp\/v2\/media?parent=344250"}],"wp:term":[{"taxonomy":"category","embeddable":true,"href":"https:\/\/www.europesays.com\/de\/wp-json\/wp\/v2\/categories?post=344250"},{"taxonomy":"post_tag","embeddable":true,"href":"https:\/\/www.europesays.com\/de\/wp-json\/wp\/v2\/tags?post=344250"}],"curies":[{"name":"wp","href":"https:\/\/api.w.org\/{rel}","templated":true}]}}