{"id":344297,"date":"2025-08-14T13:55:11","date_gmt":"2025-08-14T13:55:11","guid":{"rendered":"https:\/\/www.europesays.com\/de\/344297\/"},"modified":"2025-08-14T13:55:11","modified_gmt":"2025-08-14T13:55:11","slug":"colorado-kaninchen-mit-frankenstein-virus-befallen","status":"publish","type":"post","link":"https:\/\/www.europesays.com\/de\/344297\/","title":{"rendered":"Colorado: Kaninchen mit Frankenstein-Virus befallen"},"content":{"rendered":"<p>                    Sichtungen in Colorado<br \/>\n                Frankenstein-Kaninchen wachsen schwarze H\u00f6rner aus dem Kopf<\/p>\n<p>\t\t\t\t              14.08.2025, 14:57 Uhr<\/p>\n<p>\t\t\t\t\t       Artikel anh\u00f6ren<\/p>\n<p>\t\t\t\t\t\t\tDiese Audioversion wurde k\u00fcnstlich generiert. <a href=\"https:\/\/www.n-tv.de\/23249898\" target=\"_blank\" rel=\"noopener\">Mehr Infos<\/a><\/p>\n<p><strong>Spazierg\u00e4nger sichten immer wieder gruselig aussehende Hasen im US-Bundesstaat Colorado. Den Tieren wachsen schwarze H\u00f6rner im Gesicht. F\u00fcr Menschen besteht keine Ansteckungsgefahr.<\/strong><\/p>\n<p>Bewohnerinnen und Bewohner von Fort Collins in Colorado machen in j\u00fcngster Zeit immer h\u00e4ufiger eine gruselige Entdeckung: Kaninchen, denen schwarze H\u00f6rner aus dem Kopf wachsen. Bei den betroffenen Tieren handelt es sich um die sonst so weichen Baumwollschwanzkaninchen. Einigen von ihnen wachsen ganze Kr\u00e4nze aus H\u00f6rnern um den Hals. Andere k\u00f6nnen durch die Wucherungen nicht mehr fressen oder nur noch eingeschr\u00e4nkt sehen. <\/p>\n<p>Spazierg\u00e4nger hatten die Wildtierbeh\u00f6rde von Colorado auf die betroffenen Hasen aufmerksam gemacht. Laut der Beh\u00f6rde sind die Tiere von einem Virus befallen. Das &#8222;Cottontail Papilloma Virus&#8220; (CRPV) f\u00f6rdert das Wachstum von Tumoren an Kopf und Hals und wird \u00fcber M\u00fccken und Zecken \u00fcbertragen.<\/p>\n<p>Gef\u00e4hrlich ist das Virus nicht, da es von den Kaninchen nicht an Menschen oder andere Haustiere \u00fcbertragen werden kann. Und auch f\u00fcr die betroffenen Tiere selbst besteht nur eine geringe Gefahr &#8211; sehr zur \u00dcberraschung der Anwohner. &#8222;Ich war mir sicher, dass ein Kaninchen aus unserer Nachbarschaft nicht den Winter \u00fcberleben w\u00fcrde. Aber es war im n\u00e4chsten Jahr immer noch da&#8220;, sagt Susan Mansfield &#8222;9 News&#8220;.<\/p>\n<p>Nur wenn die Tumore die Augen oder das Maul der Tiere zuwachsen und sie sich nicht mehr versorgen k\u00f6nnen, wird das Virus lebensgef\u00e4hrlich f\u00fcr die Tiere. Heilbar ist das Virus allerdings nicht. Die Wildtierbeh\u00f6rde r\u00e4t Menschen dennoch, die Tiere in Ruhe zu lassen und keinen k\u00f6rperlichen Kontakt herzustellen. Das sei allerdings auch die Empfehlung, wenn sie keine sichtbare Erkrankung haben.<\/p>\n","protected":false},"excerpt":{"rendered":"Sichtungen in Colorado Frankenstein-Kaninchen wachsen schwarze H\u00f6rner aus dem Kopf 14.08.2025, 14:57 Uhr Artikel anh\u00f6ren Diese Audioversion wurde&hellip;\n","protected":false},"author":2,"featured_media":344298,"comment_status":"","ping_status":"","sticky":false,"template":"","format":"standard","meta":{"footnotes":""},"categories":[1773],"tags":[29,214,30,984,288,82938,471,1780,215,64],"class_list":{"0":"post-344297","1":"post","2":"type-post","3":"status-publish","4":"format-standard","5":"has-post-thumbnail","7":"category-serien","8":"tag-deutschland","9":"tag-entertainment","10":"tag-germany","11":"tag-international","12":"tag-krankheit","13":"tag-lifestyle-test","14":"tag-serien","15":"tag-series","16":"tag-unterhaltung","17":"tag-usa"},"share_on_mastodon":{"url":"https:\/\/pubeurope.com\/@de\/115027465246262132","error":""},"_links":{"self":[{"href":"https:\/\/www.europesays.com\/de\/wp-json\/wp\/v2\/posts\/344297","targetHints":{"allow":["GET"]}}],"collection":[{"href":"https:\/\/www.europesays.com\/de\/wp-json\/wp\/v2\/posts"}],"about":[{"href":"https:\/\/www.europesays.com\/de\/wp-json\/wp\/v2\/types\/post"}],"author":[{"embeddable":true,"href":"https:\/\/www.europesays.com\/de\/wp-json\/wp\/v2\/users\/2"}],"replies":[{"embeddable":true,"href":"https:\/\/www.europesays.com\/de\/wp-json\/wp\/v2\/comments?post=344297"}],"version-history":[{"count":0,"href":"https:\/\/www.europesays.com\/de\/wp-json\/wp\/v2\/posts\/344297\/revisions"}],"wp:featuredmedia":[{"embeddable":true,"href":"https:\/\/www.europesays.com\/de\/wp-json\/wp\/v2\/media\/344298"}],"wp:attachment":[{"href":"https:\/\/www.europesays.com\/de\/wp-json\/wp\/v2\/media?parent=344297"}],"wp:term":[{"taxonomy":"category","embeddable":true,"href":"https:\/\/www.europesays.com\/de\/wp-json\/wp\/v2\/categories?post=344297"},{"taxonomy":"post_tag","embeddable":true,"href":"https:\/\/www.europesays.com\/de\/wp-json\/wp\/v2\/tags?post=344297"}],"curies":[{"name":"wp","href":"https:\/\/api.w.org\/{rel}","templated":true}]}}