{"id":344318,"date":"2025-08-14T14:06:10","date_gmt":"2025-08-14T14:06:10","guid":{"rendered":"https:\/\/www.europesays.com\/de\/344318\/"},"modified":"2025-08-14T14:06:10","modified_gmt":"2025-08-14T14:06:10","slug":"palette-chefin-wird-neue-stadtraetin-in-halle","status":"publish","type":"post","link":"https:\/\/www.europesays.com\/de\/344318\/","title":{"rendered":"Palette-Chefin wird neue Stadtr\u00e4tin in Halle"},"content":{"rendered":"<p class=\"fp-paragraph\"><strong>Halle (Saale)\/MZ\/EI.<\/strong> &#8211; Nachdem Detlef Wend im Juli nach 16 Jahren seinen <a href=\"https:\/\/www.mz.de\/lokal\/halle-saale\/nach-16-jahren-warum-stadtrat-detlef-wend-jetzt-sein-mandat-abgibt-4076707\" rel=\"nofollow noopener\" target=\"_blank\">R\u00fcckzug aus dem Stadtrat<\/a> erkl\u00e4rt hatte, ist f\u00fcr die Stadtratsfraktion Volt\/MitB\u00fcrger eine Nachfolgerin gefunden. Wie es in einer Mitteilung der Fraktion am Donnerstag hei\u00dft, \u00fcbernimmt Maria Gringer ab sofort den offenen Posten.<\/p>\n<p>Gringer f\u00fchrt das \u201eBewaffel dich\u201c und die Tanzbar Palette in Halle<\/p>\n<p class=\"fp-paragraph\">Die geb\u00fcrtige Hallenserin, die mehrere gastronomische Betriebe in Halle, unter anderem das \u201eBewaffel dich\u201c  sowie die <a href=\"https:\/\/www.mz.de\/lokal\/halle-saale\/mit-wem-halles-palette-chefin-im-neuen-nightlife-podcast-plaudert-und-woruber-4061496\" rel=\"nofollow noopener\" target=\"_blank\">Tanzbar Palette<\/a> betreibt, hatte bei der Stadtratswahl 2024 nach Tom Wolter und Detlef Wend die drittmeisten Personenstimmen f\u00fcr die MitB\u00fcrger f\u00fcr Halle errungen und war nur knapp am Einzug ins Parlament gescheitert. Nun klappt es doch noch.<\/p>\n<p class=\"fp-paragraph\">\u201eIch bin angetreten, weil ich Verantwortung f\u00fcr meine Heimatstadt \u00fcbernehmen und dazu beitragen m\u00f6chte, Halle als zukunftsf\u00e4hige Stadt weiterzuentwickeln. Ich freue mich riesig, dass ich jetzt die Chance dazu bekomme\u201c, kommentiert Gringer ihren Einzug in das Stadtparlament. Mit Blick auf ihren Vorg\u00e4nger erkl\u00e4rt sie: \u201eIch danke Detlef f\u00fcr seinen Einsatz f\u00fcr die Stadt und unsere Fraktion. Es ist gut zu wissen, dass er uns auch weiterhin beratend zur Seite stehen wird. Ich werde mein Bestes geben, um seine gro\u00dfen Fu\u00dfstapfen auszuf\u00fcllen.\u201c<\/p>\n<p class=\"fp-paragraph\"><strong>Lesen Sie auch:<\/strong><a href=\"https:\/\/www.mz.de\/lokal\/halle-saale\/umbruch-bei-mitburgern-fur-halle-wer-ubernimmt-verantwortung-im-stadtrat-4053736\" rel=\"nofollow noopener\" target=\"_blank\">Umbruch bei \u201eMitb\u00fcrger f\u00fcr Halle\u201c &#8211; wer \u00fcbernimmt Verantwortung im Stadtrat?<\/a><\/p>\n<p class=\"fp-paragraph\">Dass Gringer als Unternehmerin Personalverantwortung f\u00fcr 120 Mitarbeiter hat, sieht sie als gute Erfahrungsbasis f\u00fcr die Stadtratsarbeit: \u201eIch denke eher in L\u00f6sungen als in Problemen. Das hei\u00dft, ich jammere nicht, sondern nehme, was da ist, und versuche es besser zu machen. Mit diesem Ansatz habe ich in den letzten Jahren so viel bewegt, und ich bin \u00fcberzeugt, dass das auch in der Kommunalpolitik m\u00f6glich ist.\u201c<\/p>\n<p>Vorsitz bei Fraktion Volt\/MitB\u00fcrger in Halle soll neu gew\u00e4hlt werden<\/p>\n<p class=\"fp-paragraph\">Die 36-J\u00e4hrige schlie\u00dft sich in der Fraktion nun den anderen Ratsmitgliedern Ferdinand Raabe, Friedemann Raabe und Sarah Labusga an. Ferdinand Raabe, aktuell amtierender Fraktionsvorsitzender, freut sich auf die Zusammenarbeit mit Gringer: \u201eMary bringt eine Menge Energie, Engagement und Kreativit\u00e4t mit. Sie ist sehr gut in der Stadt vernetzt und engagiert sich schon l\u00e4nger aktiv in unserer erweiterten Fraktion. Sie ist also eine tolle Erg\u00e4nzung.\u201c <\/p>\n<p class=\"fp-paragraph\">Ihren Sitz im Wirtschaftsausschuss, dem sie bisher als sachkundige Einwohnerin angeh\u00f6rte, werde Gringer auch als Stadtr\u00e4tin behalten, hei\u00dft es weiter. \u00dcber die Verteilung der weiteren Aussch\u00fcsse will man zu Beginn der ersten Sitzungswoche im August abschlie\u00dfend beraten. Dann soll auch der Fraktionsvorsitz offiziell neu gew\u00e4hlt werden. <\/p>\n","protected":false},"excerpt":{"rendered":"Halle (Saale)\/MZ\/EI. &#8211; Nachdem Detlef Wend im Juli nach 16 Jahren seinen R\u00fcckzug aus dem Stadtrat erkl\u00e4rt hatte,&hellip;\n","protected":false},"author":2,"featured_media":344319,"comment_status":"","ping_status":"","sticky":false,"template":"","format":"standard","meta":{"footnotes":""},"categories":[1860],"tags":[3364,29,548,663,3934,30,4062,17332,13,14,15,17331,860,12],"class_list":{"0":"post-344318","1":"post","2":"type-post","3":"status-publish","4":"format-standard","5":"has-post-thumbnail","7":"category-halle-saale","8":"tag-de","9":"tag-deutschland","10":"tag-eu","11":"tag-europa","12":"tag-europe","13":"tag-germany","14":"tag-halle","15":"tag-halle-saale","16":"tag-headlines","17":"tag-nachrichten","18":"tag-news","19":"tag-saale","20":"tag-sachsen-anhalt","21":"tag-schlagzeilen"},"share_on_mastodon":{"url":"https:\/\/pubeurope.com\/@de\/115027508228537579","error":""},"_links":{"self":[{"href":"https:\/\/www.europesays.com\/de\/wp-json\/wp\/v2\/posts\/344318","targetHints":{"allow":["GET"]}}],"collection":[{"href":"https:\/\/www.europesays.com\/de\/wp-json\/wp\/v2\/posts"}],"about":[{"href":"https:\/\/www.europesays.com\/de\/wp-json\/wp\/v2\/types\/post"}],"author":[{"embeddable":true,"href":"https:\/\/www.europesays.com\/de\/wp-json\/wp\/v2\/users\/2"}],"replies":[{"embeddable":true,"href":"https:\/\/www.europesays.com\/de\/wp-json\/wp\/v2\/comments?post=344318"}],"version-history":[{"count":0,"href":"https:\/\/www.europesays.com\/de\/wp-json\/wp\/v2\/posts\/344318\/revisions"}],"wp:featuredmedia":[{"embeddable":true,"href":"https:\/\/www.europesays.com\/de\/wp-json\/wp\/v2\/media\/344319"}],"wp:attachment":[{"href":"https:\/\/www.europesays.com\/de\/wp-json\/wp\/v2\/media?parent=344318"}],"wp:term":[{"taxonomy":"category","embeddable":true,"href":"https:\/\/www.europesays.com\/de\/wp-json\/wp\/v2\/categories?post=344318"},{"taxonomy":"post_tag","embeddable":true,"href":"https:\/\/www.europesays.com\/de\/wp-json\/wp\/v2\/tags?post=344318"}],"curies":[{"name":"wp","href":"https:\/\/api.w.org\/{rel}","templated":true}]}}