{"id":344389,"date":"2025-08-14T14:44:10","date_gmt":"2025-08-14T14:44:10","guid":{"rendered":"https:\/\/www.europesays.com\/de\/344389\/"},"modified":"2025-08-14T14:44:10","modified_gmt":"2025-08-14T14:44:10","slug":"baeume-fuer-weihnachtsmaerkte-in-dresden-und-pirna-gesucht","status":"publish","type":"post","link":"https:\/\/www.europesays.com\/de\/344389\/","title":{"rendered":"B\u00e4ume f\u00fcr Weihnachtsm\u00e4rkte in Dresden und Pirna gesucht"},"content":{"rendered":"<p class=\"fp-paragraph\"><strong>Dresden\/Pirna<\/strong> &#8211; Schon in rund drei Monaten startet die Weihnachtsmarktsaison &#8211; und Betreiber mehrerer M\u00e4rkte suchen nun nach einem sch\u00f6nen Weihnachtsbaum. Die Nadelb\u00e4ume sollen den Striezelmarkt (26.11.-24.12.) und den Augustusmarkt (26.11-4.1.) in Dresden sowie den Canalettomarkt in Pirna (25.11.-30.12.) schm\u00fccken.\u00a0<\/p>\n<p class=\"fp-paragraph\">F\u00fcr den Dresdner Striezelmarkt l\u00e4uft die Suche nach einer \u201eStriezeltanne\u201c. Vorschl\u00e4ge nimmt das Amt f\u00fcr Wirtschaftsf\u00f6rderung entgegen &#8211; etwa per Mail unter <a href=\"https:\/\/www.mz.de\/cdn-cgi\/l\/email-protection\" class=\"__cf_email__\" data-cfemail=\"eb868a99809fab8f998e988f8e85c58f8e\" rel=\"nofollow noopener\" target=\"_blank\">[email\u00a0protected]<\/a>. Gesucht wird eine Tanne oder Fichte, die mindestens 23 Meter hoch ist, gerade gewachsen und mit dichtem Nadelkleid. Der Baum sollte sich im Umkreis von maximal rund 50 Kilometern um die Landeshauptstadt befinden. In der vergangenen Adventszeit zierte eine rund 25 Meter hohe Nordmanntanne Deutschlands \u00e4ltesten Weihnachtsmarkt.<\/p>\n<p>Baum muss f\u00fcr Kran erreichbar sein<\/p>\n<p class=\"fp-paragraph\">In einer Mitteilung der Betreiber von Augustus- und Canalettomarkt hie\u00df es, wie in jedem Jahr solle ein sch\u00f6ner Baum Dresdens zweitgr\u00f6\u00dften Weihnachtsmarkt und den Pirnaer Markt zieren. Gesucht w\u00fcrden eine Tanne oder eine Blaufichte, die am besten gerade und gleichm\u00e4\u00dfig bewachsen sind.\u00a0<\/p>\n<p class=\"fp-paragraph\">Der Baum f\u00fcr den Augustusmarkt sollte 8 bis 10 Meter hoch sein, der f\u00fcr den Canalettomarkt 12 bis 14 Meter. Wer einen Baum kostenlos abgeben m\u00f6chte, sollte nicht weiter als 20 Kilometer von Dresden beziehungsweise 15 Kilometer von Pirna entfernt wohnen. Auch sollte die Tanne oder Blaufichte frei stehen und per Kran erreichbar sein, hie\u00df es.\u00a0<\/p>\n<p class=\"fp-paragraph\">Wer einen geeigneten Baum f\u00fcr einen dieser beiden Weihnachtsm\u00e4rkte abzugeben hat, kann sich bis zum 15. September am besten per E-Mail unter <a href=\"https:\/\/www.mz.de\/cdn-cgi\/l\/email-protection\" class=\"__cf_email__\" data-cfemail=\"c7aea9a1a887b7aba6a9a3a2b4a6bfa2e9a3a2\" rel=\"nofollow noopener\" target=\"_blank\">[email\u00a0protected]<\/a> melden. Die Kosten f\u00fcr den Transport w\u00fcrden \u00fcbernommen.<\/p>\n","protected":false},"excerpt":{"rendered":"Dresden\/Pirna &#8211; Schon in rund drei Monaten startet die Weihnachtsmarktsaison &#8211; und Betreiber mehrerer M\u00e4rkte suchen nun nach&hellip;\n","protected":false},"author":2,"featured_media":344390,"comment_status":"","ping_status":"","sticky":false,"template":"","format":"standard","meta":{"footnotes":""},"categories":[1835],"tags":[17274,3364,29,2386,30,859],"class_list":{"0":"post-344389","1":"post","2":"type-post","3":"status-publish","4":"format-standard","5":"has-post-thumbnail","7":"category-dresden","8":"tag-brauchtum","9":"tag-de","10":"tag-deutschland","11":"tag-dresden","12":"tag-germany","13":"tag-sachsen"},"share_on_mastodon":{"url":"https:\/\/pubeurope.com\/@de\/115027657617349613","error":""},"_links":{"self":[{"href":"https:\/\/www.europesays.com\/de\/wp-json\/wp\/v2\/posts\/344389","targetHints":{"allow":["GET"]}}],"collection":[{"href":"https:\/\/www.europesays.com\/de\/wp-json\/wp\/v2\/posts"}],"about":[{"href":"https:\/\/www.europesays.com\/de\/wp-json\/wp\/v2\/types\/post"}],"author":[{"embeddable":true,"href":"https:\/\/www.europesays.com\/de\/wp-json\/wp\/v2\/users\/2"}],"replies":[{"embeddable":true,"href":"https:\/\/www.europesays.com\/de\/wp-json\/wp\/v2\/comments?post=344389"}],"version-history":[{"count":0,"href":"https:\/\/www.europesays.com\/de\/wp-json\/wp\/v2\/posts\/344389\/revisions"}],"wp:featuredmedia":[{"embeddable":true,"href":"https:\/\/www.europesays.com\/de\/wp-json\/wp\/v2\/media\/344390"}],"wp:attachment":[{"href":"https:\/\/www.europesays.com\/de\/wp-json\/wp\/v2\/media?parent=344389"}],"wp:term":[{"taxonomy":"category","embeddable":true,"href":"https:\/\/www.europesays.com\/de\/wp-json\/wp\/v2\/categories?post=344389"},{"taxonomy":"post_tag","embeddable":true,"href":"https:\/\/www.europesays.com\/de\/wp-json\/wp\/v2\/tags?post=344389"}],"curies":[{"name":"wp","href":"https:\/\/api.w.org\/{rel}","templated":true}]}}