{"id":344391,"date":"2025-08-14T14:45:13","date_gmt":"2025-08-14T14:45:13","guid":{"rendered":"https:\/\/www.europesays.com\/de\/344391\/"},"modified":"2025-08-14T14:45:13","modified_gmt":"2025-08-14T14:45:13","slug":"dfb-pokal-dynamo-dresden-setzt-gegen-mainz-auf-finalcharakter","status":"publish","type":"post","link":"https:\/\/www.europesays.com\/de\/344391\/","title":{"rendered":"DFB-Pokal: Dynamo Dresden setzt gegen Mainz auf Finalcharakter"},"content":{"rendered":"<p>        DFB-Pokal<br \/>\n      Dynamo Dresden setzt gegen Mainz auf Finalcharakter<\/p>\n<p>            Kopiere den aktuellen Link<\/p>\n<p>          Zur Merkliste hinzuf\u00fcgen<\/p>\n<p>Dynamo Dresden sieht im Pokal-Duell gegen Mainz eine kleine Chance auf eine \u00dcberraschung. F\u00fcr die Sachsen k\u00f6nnte Neuzugang Vermeij sein Deb\u00fct feiern.<\/p>\n<p class=\"typo-body-md typo-body-lg@lg is-initial\">Zweitliga-Aufsteiger <a class=\"taxonomy-entity organization\" data-target-type=\"article\" href=\"https:\/\/www.stern.de\/sport\/fussball\/themen\/dynamo-dresden-4151804.html\" rel=\"nofollow noopener\" target=\"_blank\">Dynamo Dresden<\/a> hofft auf eine \u00dcberraschung im DFB-Pokal. &#8222;Ziel muss es sein, eine Runde weiterzugehen&#8220;, sagte Cheftrainer Thomas Stamm vor dem Heimspiel gegen den Fu\u00dfball-Bundesligisten FSV Mainz 04, das aufgrund eines Stadtfestes erst am Montag (18.00 Uhr\/Sky) ausgetragen wird. &#8222;In zehn Spielen gegen Mainz kann es schwer werden. In einem Spiel traue ich uns zu, wenn wir \u00fcber unsere Grenzen gehen, dass es m\u00f6glich ist, eine Runde weiterzukommen.&#8220;<\/p>\n<p class=\"typo-body-md typo-body-lg@lg\">Der Schweizer \u00dcbungsleiter bezeichnet dabei die Rheinhessen als &#8222;unfassbar intensive Mannschaft, die sehr homogen spielt und extrem viel Qualit\u00e4t am Ball&#8220; habe: &#8222;<a class=\"taxonomy-entity place\" data-target-type=\"article\" href=\"https:\/\/www.stern.de\/sport\/fussball\/themen\/mainz-4155440.html\" rel=\"nofollow noopener\" target=\"_blank\">Mainz<\/a> hat es sich verdient, international zu spielen.&#8220;<\/p>\n<p class=\"typo-body-md typo-body-lg@lg\">Mit Neuzugang Vincent Vermeij hat <a class=\"\" data-target-type=\"article\" href=\"https:\/\/www.stern.de\/gesellschaft\/regional\/baden-wuerttemberg\/themen\/thomas-stamm-33354752.html\" rel=\"nofollow noopener\" target=\"_blank\">Stamm<\/a> eine weitere Offensiv-Alternative und sieht den 31 Jahre alten St\u00fcrmer, den der 42-J\u00e4hrige schon bei der zweiten Mannschaft des SC Freiburg trainiert hatte, gleich als Option. &#8222;Vince hat eine vern\u00fcnftige Vorbereitung gemacht, da hat er meines Wissens alles mitgemacht&#8220;, sagte Stamm \u00fcber den 1,96 Meter langen Niederl\u00e4nder, der von Fortuna D\u00fcsseldorf an die Elbe gewechselt ist.<\/p>\n<p class=\"typo-body-md typo-body-lg@lg\">Stamm kann sich vorstellen, dass der Neuzugang mit dem sieben Zentimeter kleineren Christoph Daferner die Sturmreihe bilden k\u00f6nne. Stamm bezeichnet die beiden Profis als v\u00f6llig unterschiedliche Spielertypen. Mit Stefan Kutschke k\u00f6nnte auch ein Dreier-Sturm auf dem Feld stehen. Doch Stamm will die Systematik nicht durcheinanderbringen: &#8222;Wahrscheinlich werden wir aber nicht so oft mit zwei Spitzen spielen.&#8220;<\/p>\n<p class=\"typo-body-md typo-body-lg@lg\">Doch gerade f\u00fcr das Pokalspiel freut sich Stamm \u00fcber neue Optionen. &#8222;Wenn Du hinten liegst, kannst Du mit zwei oder auch mit drei spielen. Gerade im Pokal kann man mehr Risiko gehen. Das ist etwas Besonderes, was auch die Spannung in diesem Wettbewerb ausmacht&#8220;, sagt der Trainer, der diese Spannung bis zum Schluss ausreizen wird: &#8222;Ziel muss sein, eine Runde weiterzugehen.&#8220;<\/p>\n<p>\n    dpa\n  <\/p>\n","protected":false},"excerpt":{"rendered":"DFB-Pokal Dynamo Dresden setzt gegen Mainz auf Finalcharakter Kopiere den aktuellen Link Zur Merkliste hinzuf\u00fcgen Dynamo Dresden sieht&hellip;\n","protected":false},"author":2,"featured_media":344392,"comment_status":"","ping_status":"","sticky":false,"template":"","format":"standard","meta":{"footnotes":""},"categories":[1835],"tags":[3364,29,2386,30,859],"class_list":{"0":"post-344391","1":"post","2":"type-post","3":"status-publish","4":"format-standard","5":"has-post-thumbnail","7":"category-dresden","8":"tag-de","9":"tag-deutschland","10":"tag-dresden","11":"tag-germany","12":"tag-sachsen"},"share_on_mastodon":{"url":"https:\/\/pubeurope.com\/@de\/115027661525561210","error":""},"_links":{"self":[{"href":"https:\/\/www.europesays.com\/de\/wp-json\/wp\/v2\/posts\/344391","targetHints":{"allow":["GET"]}}],"collection":[{"href":"https:\/\/www.europesays.com\/de\/wp-json\/wp\/v2\/posts"}],"about":[{"href":"https:\/\/www.europesays.com\/de\/wp-json\/wp\/v2\/types\/post"}],"author":[{"embeddable":true,"href":"https:\/\/www.europesays.com\/de\/wp-json\/wp\/v2\/users\/2"}],"replies":[{"embeddable":true,"href":"https:\/\/www.europesays.com\/de\/wp-json\/wp\/v2\/comments?post=344391"}],"version-history":[{"count":0,"href":"https:\/\/www.europesays.com\/de\/wp-json\/wp\/v2\/posts\/344391\/revisions"}],"wp:featuredmedia":[{"embeddable":true,"href":"https:\/\/www.europesays.com\/de\/wp-json\/wp\/v2\/media\/344392"}],"wp:attachment":[{"href":"https:\/\/www.europesays.com\/de\/wp-json\/wp\/v2\/media?parent=344391"}],"wp:term":[{"taxonomy":"category","embeddable":true,"href":"https:\/\/www.europesays.com\/de\/wp-json\/wp\/v2\/categories?post=344391"},{"taxonomy":"post_tag","embeddable":true,"href":"https:\/\/www.europesays.com\/de\/wp-json\/wp\/v2\/tags?post=344391"}],"curies":[{"name":"wp","href":"https:\/\/api.w.org\/{rel}","templated":true}]}}