{"id":34445,"date":"2025-04-15T17:47:11","date_gmt":"2025-04-15T17:47:11","guid":{"rendered":"https:\/\/www.europesays.com\/de\/34445\/"},"modified":"2025-04-15T17:47:11","modified_gmt":"2025-04-15T17:47:11","slug":"nach-bgh-urteil-totraser-wird-abgeschoben-regional","status":"publish","type":"post","link":"https:\/\/www.europesays.com\/de\/34445\/","title":{"rendered":"Nach BGH-Urteil: Totraser wird abgeschoben | Regional"},"content":{"rendered":"<p>Heilbronn (Baden-W\u00fcrttemberg) \u2013 <b>Er raste einen Menschen tot, wurde wegen Mordes verurteilt und legte Revision vor dem h\u00f6chsten deutschen Gericht ein. Jetzt hat Yasin H. (22)  gleich eine doppelte Schlappe erlitten.<\/b><\/p>\n<p>Der Bundesgerichtshof (BGH) hat die Revision abgewiesen. Und die Landesregierung <a href=\"https:\/\/www.bild.de\/regional\/baden-wuerttemberg\/home-aK1F2gtJlD2xs4m3tWkn\" class=\"text-link\" rel=\"nofollow noopener\" target=\"_blank\">Baden-W\u00fcrttemberg<\/a> ist schon dabei, die Abschiebung des Totrasers vorzubereiten.<\/p>\n<p>Justizministerium arbeitet schon an Abschiebung<\/p>\n<p>Der zust\u00e4ndige Justiz-Staatssekret\u00e4r Siegfried Lorek (CDU) sagt: \u201eWir arbeiten bereits daran, den wegen <a href=\"https:\/\/www.bild.de\/themen\/ereignisse\/mord\/nachrichten-news-fotos-videos-21394242.bild.html\" class=\"text-link\" rel=\"nofollow noopener\" target=\"_blank\">Mordes<\/a> verurteilten T\u00e4ter direkt aus der Haft abzuschieben.\u201c<\/p>\n<p><img decoding=\"async\" width=\"992\" height=\"558\" alt=\"Der wei\u00dfe BMW des Rasers erfasste den Mercedes einer Familie. Vater Gezim S. (42) starb\" src=\"https:\/\/www.europesays.com\/de\/wp-content\/uploads\/2025\/04\/7f3779819c8896ebfb002ca2b4c7ab56,df2e6094\"   class=\"landscape\" loading=\"lazy\"\/><\/p>\n<p class=\"fig__caption__text\">Der wei\u00dfe BMW des Rasers erfasste den Mercedes einer Familie. Vater Gezim S. (42) starb<\/p>\n<p>Foto: 7aktuell<\/p>\n<p>R\u00fcckblick: Yasin H. war im Februar 2023 <a href=\"https:\/\/www.bild.de\/regional\/stuttgart\/stuttgart-aktuell\/heilbronn-war-es-mord-yasin-raste-einen-familienvater-tot-85054466.bild.html\" class=\"text-link\" rel=\"nofollow noopener\" target=\"_blank\">mit 108 Kilometern pro Stunde<\/a> in seinem BMW 640d durch eine Tempo-40-Zone mitten in der Stadt gedonnert. Da kam es zu dem katastrophalen <a href=\"https:\/\/www.bild.de\/themen\/ereignisse\/unfaelle\/auto-news-fotos-videos-17004002.bild.html\" class=\"text-link\" rel=\"nofollow noopener\" target=\"_blank\">Unfall<\/a>.<\/p>\n<p>Yasin H. raste Familienvater tot<\/p>\n<p>Das 315-PS-Auto des Totrasers krachte gegen den Mercedes einer Familie. Vater Gezim S. (42) starb, seine Frau wurde schwer und die beiden Kinder leicht verletzt. Yasin H. kam mit ein paar Kratzern davon.<\/p>\n<p><img decoding=\"async\" width=\"992\" height=\"558\" alt=\"Der Totraser mit seiner Anw\u00e4ltin. Die Verteidigung hatte auf fahrl\u00e4ssige T\u00f6tung pl\u00e4diert\" src=\"https:\/\/www.europesays.com\/de\/wp-content\/uploads\/2025\/04\/5a952e2b24f81d8c2c0dd251e2994f26,331b1500\"   class=\"landscape\" loading=\"lazy\"\/><\/p>\n<p class=\"fig__caption__text\">Der Totraser mit seiner Anw\u00e4ltin. Die Verteidigung hatte auf fahrl\u00e4ssige T\u00f6tung pl\u00e4diert<\/p>\n<p>Foto: Andreas Rosar<\/p>\n<p>Im Prozess vor dem Heilbronner <a href=\"https:\/\/www.bild.de\/themen\/organisationen\/gerichte\/news-fotos-videos-17024270.bild.html\" class=\"text-link\" rel=\"nofollow noopener\" target=\"_blank\">Landgericht<\/a> im Fr\u00fchjahr 2024 war Yasin H. durch die <a href=\"https:\/\/www.bild.de\/themen\/organisationen\/staatsanwaltschaft-alle-infos-und-news-KDJzQvfvRkaBLQ0vXYpd\" class=\"text-link\" rel=\"nofollow noopener\" target=\"_blank\">Staatsanwaltschaft<\/a> gerade mal wegen Totschlags \u201emittels eines gef\u00e4hrlichen Werkzeugs\u201c angeklagt. Seine Verteidiger pl\u00e4dierten auf fahrl\u00e4ssige T\u00f6tung.<\/p>\n<p>Revision \u201eoffensichtlich unbegr\u00fcndet\u201c<\/p>\n<p><b>Das Gericht ging aber weiter und verurteilte Yasin H. wegen Mordes zu einer <\/b><a href=\"https:\/\/www.bild.de\/news\/urteil-nach-raser-unfall-21-jaehriger-muss-neun-jahre-in-haft-66266679ca9de34c2d6ba352\" class=\"text-link\" rel=\"nofollow noopener\" target=\"_blank\"><b>Jugendstrafe von neun Jahren Haft<\/b><\/a><b>. Knallhart-Richter Alexander Lobm\u00fcller (51) begr\u00fcndete das Urteil so: \u201eSie haben das Gaspedal bis zum Bodenblech durchgedr\u00fcckt und in Kauf genommen, dass ein Mensch zu Tode kommt.\u201c<\/b><\/p>\n<p><img decoding=\"async\" width=\"992\" height=\"558\" alt=\"Siegfried Lorek (47, CDU) fordert die Abschiebung des Totrasers\" src=\"https:\/\/www.europesays.com\/de\/wp-content\/uploads\/2025\/04\/fe3593f58046f0c792161409c10f4057,45c100c5\"   class=\"landscape\" loading=\"lazy\"\/><\/p>\n<p class=\"fig__caption__text\">Staatssekret\u00e4r Siegfried Lorek (47, CDU) fordert die Abschiebung des Totrasers<\/p>\n<p>Foto: Bernd Wei\u00dfbrod\/dpa<\/p>\n<p>Nur weil Yasin H. als Heranwachsender eingestuft wurde, kam er um eine lebenslange Freiheitsstrafe herum. Dennoch war ihm die auferlegte Strafe offenbar zu hart.<\/p>\n<p>Yasin H. gilt als notorischer Raser<\/p>\n<p>Laut einer Sprecherin des Landgerichts Heilbronn habe der <a href=\"https:\/\/www.bild.de\/themen\/organisationen\/bundesgerichtshof\/politik-nachrichten-news-fotos-videos-20426468.bild.html\" class=\"text-link\" rel=\"nofollow noopener\" target=\"_blank\">Bundesgerichtshof<\/a> die eingelegte Revision des Angeklagten als \u201eoffensichtlich unbegr\u00fcndet\u201c verworfen. Das <a href=\"https:\/\/www.bild.de\/themen\/ereignisse\/gerichtliche-entscheidung\/news-fotos-videos-17024538.bild.html\" class=\"text-link\" rel=\"nofollow noopener\" target=\"_blank\">Urteil<\/a> sei demnach rechtskr\u00e4ftig.<\/p>\n<p>Lesen Sie auch<\/p>\n<p>Yasin H. soll in die T\u00fcrkei abgeschoben werden, sobald er seine Haftstrafe abgesessen hat. Und das, obwohl er in Heilbronn geboren und aufgewachsen ist. Er gilt als notorischer Raser, hatte vor dem t\u00f6dlichen Unfall schon vier Eintr\u00e4ge wegen <a href=\"https:\/\/www.bild.de\/themen\/specials\/verkehrsstraftat\/news-fotos-videos-17024844.bild.html\" class=\"text-link\" rel=\"nofollow noopener\" target=\"_blank\">Verkehrsdelikten<\/a>.<\/p>\n<p><b>Staatssekret\u00e4r Lorek: \u201eWer hier schwere Straftaten begeht, muss Deutschland verlassen.\u201c<\/b><\/p>\n","protected":false},"excerpt":{"rendered":"Heilbronn (Baden-W\u00fcrttemberg) \u2013 Er raste einen Menschen tot, wurde wegen Mordes verurteilt und legte Revision vor dem h\u00f6chsten&hellip;\n","protected":false},"author":2,"featured_media":34446,"comment_status":"","ping_status":"","sticky":false,"template":"","format":"standard","meta":{"footnotes":"","_share_on_mastodon":"0"},"categories":[1844],"tags":[414,18402,18403,1634,6644,3364,29,30,18401,8244,8903,18400,2183,18404,1269,1997,45,2624,1243],"class_list":["post-34445","post","type-post","status-publish","format-standard","has-post-thumbnail","category-karlsruhe","tag-abschiebung","tag-aufenthaltsgesetz","tag-aufenthaltsrecht","tag-baden-wuerttemberg","tag-bundesgerichtshof","tag-de","tag-deutschland","tag-germany","tag-heilbronn","tag-illegale-autorennen","tag-karlsruhe","tag-landgericht-heilbronn","tag-mord","tag-muehlebach-robin","tag-prozess","tag-staatsanwaltschaft","tag-texttospeech","tag-unfaelle","tag-urteil"],"share_on_mastodon":{"url":"https:\/\/pubeurope.com\/@de\/114343237755919260","error":""},"_links":{"self":[{"href":"https:\/\/www.europesays.com\/de\/wp-json\/wp\/v2\/posts\/34445","targetHints":{"allow":["GET"]}}],"collection":[{"href":"https:\/\/www.europesays.com\/de\/wp-json\/wp\/v2\/posts"}],"about":[{"href":"https:\/\/www.europesays.com\/de\/wp-json\/wp\/v2\/types\/post"}],"author":[{"embeddable":true,"href":"https:\/\/www.europesays.com\/de\/wp-json\/wp\/v2\/users\/2"}],"replies":[{"embeddable":true,"href":"https:\/\/www.europesays.com\/de\/wp-json\/wp\/v2\/comments?post=34445"}],"version-history":[{"count":0,"href":"https:\/\/www.europesays.com\/de\/wp-json\/wp\/v2\/posts\/34445\/revisions"}],"wp:featuredmedia":[{"embeddable":true,"href":"https:\/\/www.europesays.com\/de\/wp-json\/wp\/v2\/media\/34446"}],"wp:attachment":[{"href":"https:\/\/www.europesays.com\/de\/wp-json\/wp\/v2\/media?parent=34445"}],"wp:term":[{"taxonomy":"category","embeddable":true,"href":"https:\/\/www.europesays.com\/de\/wp-json\/wp\/v2\/categories?post=34445"},{"taxonomy":"post_tag","embeddable":true,"href":"https:\/\/www.europesays.com\/de\/wp-json\/wp\/v2\/tags?post=34445"}],"curies":[{"name":"wp","href":"https:\/\/api.w.org\/{rel}","templated":true}]}}