{"id":344450,"date":"2025-08-14T15:16:26","date_gmt":"2025-08-14T15:16:26","guid":{"rendered":"https:\/\/www.europesays.com\/de\/344450\/"},"modified":"2025-08-14T15:16:26","modified_gmt":"2025-08-14T15:16:26","slug":"saad-berichtet-von-funkstille-mit-fler","status":"publish","type":"post","link":"https:\/\/www.europesays.com\/de\/344450\/","title":{"rendered":"Saad berichtet von Funkstille mit Fler"},"content":{"rendered":"<p>&#8222;<a href=\"https:\/\/hiphop.de\/magazin\/musik\/saad-ft-pa-sports-endlich-wieder-video-415798\" rel=\" noopener\" target=\"_blank\" title=\"SAAD FT. PA SPORTS \u2013 ENDLICH WIEDER [VIDEO]\">Endlich wieder<\/a>&#8222;, die besagte Single mit PA, ist am 11. Juli erschienen. Demnach haben die &#8222;5&#8220;-Partner nun schon seit etwas mehr als einem Monat keinen Kontakt mehr zueinander. Saad kann sich das nicht wirklich erkl\u00e4ren. Wom\u00f6glich sei Fler &#8222;besch\u00e4ftigt&#8220;, wom\u00f6glich aber auch einfach &#8222;abgef*ckt&#8220; \u2013 er wei\u00df es schlicht nicht.<\/p>\n<p>Von seiner Seite aus gebe es auf jeden Fall kein b\u00f6ses Blut. Schlie\u00dflich h\u00e4tten die beiden sich ja auch nicht gestritten. Fler sei ein &#8222;absolut cooler Typ&#8220; und die Arbeit am Kollaboalbum habe Saad &#8222;sehr, sehr viel Spa\u00df gemacht&#8220;. Gegen einen R\u00fcckruf h\u00e4tte er also nichts einzuwenden.<\/p>\n","protected":false},"excerpt":{"rendered":"&#8222;Endlich wieder&#8222;, die besagte Single mit PA, ist am 11. Juli erschienen. Demnach haben die &#8222;5&#8220;-Partner nun schon&hellip;\n","protected":false},"author":2,"featured_media":344451,"comment_status":"","ping_status":"","sticky":false,"template":"","format":"standard","meta":{"footnotes":""},"categories":[1772],"tags":[46000,55310,96254,29,2131,214,1267,64640,30,29687,18434,1779,810,15,2138,13523,4058,1504,215],"class_list":{"0":"post-344450","1":"post","2":"type-post","3":"status-publish","4":"format-standard","5":"has-post-thumbnail","7":"category-musik","8":"tag-46000","9":"tag-baba-saad","10":"tag-clip","11":"tag-deutschland","12":"tag-deutschrap","13":"tag-entertainment","14":"tag-fler","15":"tag-funkstille","16":"tag-germany","17":"tag-kollaboalbum","18":"tag-kontakt","19":"tag-music","20":"tag-musik","21":"tag-news","22":"tag-rap","23":"tag-saad","24":"tag-stream","25":"tag-twitch","26":"tag-unterhaltung"},"share_on_mastodon":{"url":"https:\/\/pubeurope.com\/@de\/115027784044208364","error":""},"_links":{"self":[{"href":"https:\/\/www.europesays.com\/de\/wp-json\/wp\/v2\/posts\/344450","targetHints":{"allow":["GET"]}}],"collection":[{"href":"https:\/\/www.europesays.com\/de\/wp-json\/wp\/v2\/posts"}],"about":[{"href":"https:\/\/www.europesays.com\/de\/wp-json\/wp\/v2\/types\/post"}],"author":[{"embeddable":true,"href":"https:\/\/www.europesays.com\/de\/wp-json\/wp\/v2\/users\/2"}],"replies":[{"embeddable":true,"href":"https:\/\/www.europesays.com\/de\/wp-json\/wp\/v2\/comments?post=344450"}],"version-history":[{"count":0,"href":"https:\/\/www.europesays.com\/de\/wp-json\/wp\/v2\/posts\/344450\/revisions"}],"wp:featuredmedia":[{"embeddable":true,"href":"https:\/\/www.europesays.com\/de\/wp-json\/wp\/v2\/media\/344451"}],"wp:attachment":[{"href":"https:\/\/www.europesays.com\/de\/wp-json\/wp\/v2\/media?parent=344450"}],"wp:term":[{"taxonomy":"category","embeddable":true,"href":"https:\/\/www.europesays.com\/de\/wp-json\/wp\/v2\/categories?post=344450"},{"taxonomy":"post_tag","embeddable":true,"href":"https:\/\/www.europesays.com\/de\/wp-json\/wp\/v2\/tags?post=344450"}],"curies":[{"name":"wp","href":"https:\/\/api.w.org\/{rel}","templated":true}]}}