{"id":344507,"date":"2025-08-14T15:47:12","date_gmt":"2025-08-14T15:47:12","guid":{"rendered":"https:\/\/www.europesays.com\/de\/344507\/"},"modified":"2025-08-14T15:47:12","modified_gmt":"2025-08-14T15:47:12","slug":"ist-putin-an-bord-russischer-sonderflieger-startet-in-richtung-alaska","status":"publish","type":"post","link":"https:\/\/www.europesays.com\/de\/344507\/","title":{"rendered":"Ist Putin an Bord? Russischer Sonderflieger startet in Richtung Alaska"},"content":{"rendered":"<p>Ein Flugzeug der russischen Sonderflugstaffel hat ein ungew\u00f6hnliches Ziel: die Elmendorf Air Force Base in Alaska. Es gibt Spekulationen, dass sich Wladimir Putin an Bord befindet.<\/p>\n<p>Eine Ilyushin Il-96-300 der russischen Sonderflugstaffel ist am Donnerstagmorgen (14. August) in Moskau-Vnukowo gestartet. Mit einem in diesen Zeiten ungew\u00f6hnlichen Ziel: Die USA. Das Flugzeug mit dem Kennzeichen RA-96023 hat die Elmendorf Air Force Base bei Anchorage in Alaska zum Ziel.<\/p>\n<p>Der Langstreckenflug des neun Jahre alten Vierstrahlers verl\u00e4uft derzeit auf Flugfl\u00e4che 350, also auf rund 35.000 Fu\u00df oder 10.700 Meter, weit entfernt von anderem Luftverkehr. Offiziell ist nicht best\u00e4tigt, wer an Bord der Il-96 sitzt. Spekuliert wird, dass mit ihr Pr\u00e4sident <a href=\"https:\/\/www.focus.de\/politik\/ausland\/wladimir-putin\/\" rel=\"follow nofollow noopener\" target=\"_self\">Wladimir Putin<\/a> unterwegs sein k\u00f6nnte, um den amerikanischen Pr\u00e4sidenten Donald Trump zu treffen.<\/p>\n<p>ANZEIGE<\/p>\n<p>Kreml-Journalist Alexander Yunashev berichtete in seinem Telegram-Kanal, dass mit dieser ersten Maschine Vertreter reisen, die das <a href=\"https:\/\/www.focus.de\/politik\/ausland\/gouverneur-16-tote-bei-russischem-angriff-auf-gefaengnis-in-der-ukraine_21f98b0d-72b1-49a1-b8f9-17b739ba7743.html\" rel=\"follow nofollow noopener\" target=\"_self\">\u201ehistorische Gipfeltreffen zwischen Putin und Trump\u201c<\/a> in Anchorage vorbereiten. Das n\u00e4chste Flugzeug in Richtung USA soll demnach Journalisten aus dem Kreml-Pool an Bord haben.<\/p>\n<p><img decoding=\"async\" data-hk=\"00a10450a1904004010\" loading=\"lazy\"  src=\"https:\/\/www.europesays.com\/de\/wp-content\/uploads\/2025\/08\/f5693a17-d763-498a-b8e2-db6510655a9e.55cbac06-eaac-4293-85dd-b616ff012811.png\"  alt=\"Russisches Flugzeug auf dem Weg in die USA: Wer ist an Bord?\" width=\"1302\" height=\"720\"\/> Russisches Flugzeug auf dem Weg in die USA: Wer ist an Bord?  Screenshot Flightdadar 24 <\/p>\n<p>Das Treffen zwischen den beiden Pr\u00e4sidenten ist f\u00fcr den 15. August angesetzt. <a href=\"https:\/\/www.focus.de\/politik\/ausland\/ex-botschafter-putin-wird-trump-unterwerfen-weil-der-immergleichen-fehler-macht_75eb92e4-ee51-44cf-a62e-9ca8c56757c2.html\" rel=\"follow nofollow noopener\" target=\"_self\">Im Zentrum der Gespr\u00e4che steht die Zukunft der Ukraine<\/a>. Europa und auch der ukrainische Pr\u00e4sident Volodymyr Zelensky sind in Alaska nicht am Verhandlungstisch vertreten. Welche Zugest\u00e4ndnisse und m\u00f6glichen Gegenleistungen am Ende im Raum stehen, ist offen.<\/p>\n<p>Von laura.frommberg@aerotelegraph.com (Laura Frommberg)<\/p>\n","protected":false},"excerpt":{"rendered":"Ein Flugzeug der russischen Sonderflugstaffel hat ein ungew\u00f6hnliches Ziel: die Elmendorf Air Force Base in Alaska. Es gibt&hellip;\n","protected":false},"author":2,"featured_media":344508,"comment_status":"","ping_status":"","sticky":false,"template":"","format":"standard","meta":{"footnotes":""},"categories":[4013],"tags":[331,332,13,14,15,4043,4044,850,307,12],"class_list":{"0":"post-344507","1":"post","2":"type-post","3":"status-publish","4":"format-standard","5":"has-post-thumbnail","7":"category-russland","8":"tag-aktuelle-nachrichten","9":"tag-aktuelle-news","10":"tag-headlines","11":"tag-nachrichten","12":"tag-news","13":"tag-russia","14":"tag-russian-federation","15":"tag-russische-foederation","16":"tag-russland","17":"tag-schlagzeilen"},"share_on_mastodon":{"url":"https:\/\/pubeurope.com\/@de\/115027905333661510","error":""},"_links":{"self":[{"href":"https:\/\/www.europesays.com\/de\/wp-json\/wp\/v2\/posts\/344507","targetHints":{"allow":["GET"]}}],"collection":[{"href":"https:\/\/www.europesays.com\/de\/wp-json\/wp\/v2\/posts"}],"about":[{"href":"https:\/\/www.europesays.com\/de\/wp-json\/wp\/v2\/types\/post"}],"author":[{"embeddable":true,"href":"https:\/\/www.europesays.com\/de\/wp-json\/wp\/v2\/users\/2"}],"replies":[{"embeddable":true,"href":"https:\/\/www.europesays.com\/de\/wp-json\/wp\/v2\/comments?post=344507"}],"version-history":[{"count":0,"href":"https:\/\/www.europesays.com\/de\/wp-json\/wp\/v2\/posts\/344507\/revisions"}],"wp:featuredmedia":[{"embeddable":true,"href":"https:\/\/www.europesays.com\/de\/wp-json\/wp\/v2\/media\/344508"}],"wp:attachment":[{"href":"https:\/\/www.europesays.com\/de\/wp-json\/wp\/v2\/media?parent=344507"}],"wp:term":[{"taxonomy":"category","embeddable":true,"href":"https:\/\/www.europesays.com\/de\/wp-json\/wp\/v2\/categories?post=344507"},{"taxonomy":"post_tag","embeddable":true,"href":"https:\/\/www.europesays.com\/de\/wp-json\/wp\/v2\/tags?post=344507"}],"curies":[{"name":"wp","href":"https:\/\/api.w.org\/{rel}","templated":true}]}}