{"id":344538,"date":"2025-08-14T16:04:14","date_gmt":"2025-08-14T16:04:14","guid":{"rendered":"https:\/\/www.europesays.com\/de\/344538\/"},"modified":"2025-08-14T16:04:14","modified_gmt":"2025-08-14T16:04:14","slug":"der-wettbewerb-um-das-rathaus-in-hannover-wird-ganz-anders-werden-als-es-frueher-war","status":"publish","type":"post","link":"https:\/\/www.europesays.com\/de\/344538\/","title":{"rendered":"\u201eDer Wettbewerb um das Rathaus in Hannover wird ganz anders werden als es fr\u00fcher war\u201c"},"content":{"rendered":"<p>Der Hauptgesch\u00e4ftsf\u00fchrer der Handwerkskammer Hannover, Peter Karst, soll f\u00fcr die CDU das Rathaus der Landeshauptstadt Hannover erobern. Der Vorstand des Kreisverbandes nominierte den 54-J\u00e4hrigen am Donnerstagabend f\u00fcr die Mitgliederversammlung, die am 30. Oktober stattfindet. Karst \u00e4u\u00dferte sich im Interview mit der Redaktion des Politikjournals Rundblick.<\/p>\n<p><strong>Rundblick: <\/strong>Herr Karst, was treibt Sie an, [&#8230;]<\/p>\n","protected":false},"excerpt":{"rendered":"Der Hauptgesch\u00e4ftsf\u00fchrer der Handwerkskammer Hannover, Peter Karst, soll f\u00fcr die CDU das Rathaus der Landeshauptstadt Hannover erobern. Der&hellip;\n","protected":false},"author":2,"featured_media":344239,"comment_status":"","ping_status":"","sticky":false,"template":"","format":"standard","meta":{"footnotes":"","_share_on_mastodon":"0"},"categories":[1836],"tags":[73106,3364,29,30,46,1411,76056,96272],"class_list":["post-344538","post","type-post","status-publish","format-standard","has-post-thumbnail","category-hannover","tag-cdu-hannover","tag-de","tag-deutschland","tag-germany","tag-hannover","tag-niedersachsen","tag-ob-kandidat","tag-peter-karst"],"share_on_mastodon":{"url":"https:\/\/pubeurope.com\/@de\/115027972229239374","error":""},"_links":{"self":[{"href":"https:\/\/www.europesays.com\/de\/wp-json\/wp\/v2\/posts\/344538","targetHints":{"allow":["GET"]}}],"collection":[{"href":"https:\/\/www.europesays.com\/de\/wp-json\/wp\/v2\/posts"}],"about":[{"href":"https:\/\/www.europesays.com\/de\/wp-json\/wp\/v2\/types\/post"}],"author":[{"embeddable":true,"href":"https:\/\/www.europesays.com\/de\/wp-json\/wp\/v2\/users\/2"}],"replies":[{"embeddable":true,"href":"https:\/\/www.europesays.com\/de\/wp-json\/wp\/v2\/comments?post=344538"}],"version-history":[{"count":0,"href":"https:\/\/www.europesays.com\/de\/wp-json\/wp\/v2\/posts\/344538\/revisions"}],"wp:featuredmedia":[{"embeddable":true,"href":"https:\/\/www.europesays.com\/de\/wp-json\/wp\/v2\/media\/344239"}],"wp:attachment":[{"href":"https:\/\/www.europesays.com\/de\/wp-json\/wp\/v2\/media?parent=344538"}],"wp:term":[{"taxonomy":"category","embeddable":true,"href":"https:\/\/www.europesays.com\/de\/wp-json\/wp\/v2\/categories?post=344538"},{"taxonomy":"post_tag","embeddable":true,"href":"https:\/\/www.europesays.com\/de\/wp-json\/wp\/v2\/tags?post=344538"}],"curies":[{"name":"wp","href":"https:\/\/api.w.org\/{rel}","templated":true}]}}