{"id":344578,"date":"2025-08-14T16:28:12","date_gmt":"2025-08-14T16:28:12","guid":{"rendered":"https:\/\/www.europesays.com\/de\/344578\/"},"modified":"2025-08-14T16:28:12","modified_gmt":"2025-08-14T16:28:12","slug":"berlin-brandenburg-untermieter-ueberfallen-mehrjaehrige-haftstrafe","status":"publish","type":"post","link":"https:\/\/www.europesays.com\/de\/344578\/","title":{"rendered":"Berlin &#038; Brandenburg: Untermieter \u00fcberfallen &#8211; Mehrj\u00e4hrige Haftstrafe"},"content":{"rendered":"<p>                    Berlin &amp; Brandenburg<br \/>\n                Untermieter \u00fcberfallen &#8211; Mehrj\u00e4hrige Haftstrafe<\/p>\n<p>\t\t\t\t              14.08.2025, 18:10 Uhr<\/p>\n<p><strong>Ein Berliner vermietet illegal seine Wohnung, f\u00fcr die das Jobcenter aufkommt. Der Untermieter aber zahlt nicht regelm\u00e4\u00dfig. Es kommt zum Streit.<\/strong><\/p>\n<p>Berlin (dpa\/bb) &#8211; \u00a0\u00a0\u00a0Nach \u00dcberf\u00e4llen auf seinen unliebsamen Untermieter ist ein 31-J\u00e4hriger zu vier Jahren und acht Monaten Haft verurteilt worden. In zwei F\u00e4llen sei er gewaltsam in die eigene Mietwohnung eingedrungen, um den Mann zum Auszug zu bewegen, begr\u00fcndete das Berliner Landgericht. Der Untermieter und dessen Schwester seien bedroht und mit Pfefferspray attackiert, die Frau auch getreten und beraubt worden.<\/p>\n<p>Der 31-J\u00e4hrige wurde der versuchten besonders schweren r\u00e4uberischen Erpressung in zwei F\u00e4llen, der gef\u00e4hrlichen K\u00f6rperverletzung sowie des besonders schweren Raubes schuldig gesprochen. Es habe auch kein Anspruch auf einen Auszug bestanden, hie\u00df es weiter im Urteil. Ein Mietverh\u00e4ltnis k\u00f6nne nur schriftlich gek\u00fcndigt werden.<\/p>\n<p>Der arbeitslose 31-J\u00e4hrige hatte seine Mietwohnung in Berlin-Kreuzberg, f\u00fcr die das Jobcenter aufkam, ohne Genehmigung untervermietet. Es sei &#8222;wohl von Sozialleistungsbetrug auszugehen&#8220;, sagte sein Verteidiger. 500 Euro Miete seien vereinbart worden. Weil der Untermieter gar nicht oder nicht in voller H\u00f6he gezahlt habe, seien seinem Mandanten &#8222;die Nerven durchgegangen&#8220;.<\/p>\n<p>T\u00fcr aufgetreten, Pfefferspray eingesetzt<\/p>\n<p>Der Angeklagte sei Anfang Juni dieses Jahres &#8222;\u00fcberfallartig mit einem Mitt\u00e4ter in die Wohnung eingedrungen&#8220;, so das Gericht. Er habe die T\u00fcr aufgetreten, dem Untermieter Pfefferspray in das Gesicht gespr\u00fcht. Zwei Tage sp\u00e4ter habe sich die Schwester des Untermieters in der Wohnung befunden. Auch die 39-J\u00e4hrige sei mit Pfefferspray attackiert worden. Durch einen Tritt sei die Frau gest\u00fcrzt, sie habe Kopfverletzungen erlitten. Erneut h\u00e4tten die Angreifer lautstark einen Auszug aus der Wohnung gefordert.<\/p>\n<p>Der Angeklagte hatte weitgehend gestanden &#8211; einen Tritt sowie den Raub eines Handys und von Bargeld allerdings bestritten. Der 31-J\u00e4hrige sagte, er selbst habe in der Wohnung eines Bekannten in Berlin-Steglitz gewohnt, um seinem bei der Gro\u00dfmutter lebenden Kind n\u00e4her zu sein. Bei den Taten sei er alkoholisiert gewesen.<\/p>\n<p>Der 31-J\u00e4hrige wurde vor zwei Monaten festgenommen und befindet sich seitdem in Untersuchungshaft. Der Staatsanwalt hatte sieben Jahre Haft gefordert. Weil das Gericht von einem &#8211; juristisch \u2013 minder schweren Fall ausging, fiel das Urteil geringer aus. Der Verteidiger hatte keinen konkreten Antrag gestellt. Die Entscheidung ist noch nicht rechtskr\u00e4ftig.<\/p>\n","protected":false},"excerpt":{"rendered":"Berlin &amp; Brandenburg Untermieter \u00fcberfallen &#8211; Mehrj\u00e4hrige Haftstrafe 14.08.2025, 18:10 Uhr Ein Berliner vermietet illegal seine Wohnung, f\u00fcr&hellip;\n","protected":false},"author":2,"featured_media":344579,"comment_status":"","ping_status":"","sticky":false,"template":"","format":"standard","meta":{"footnotes":""},"categories":[1816],"tags":[1960,1958,1959,1957,296,1956,1890,29,30,5537,96275,96274],"class_list":{"0":"post-344578","1":"post","2":"type-post","3":"status-publish","4":"format-standard","5":"has-post-thumbnail","7":"category-brandenburg","8":"tag-aktuelle-nachrichten-aus-berlin-und-brandenburg","9":"tag-aktuelle-nachrichten-aus-brandenburg","10":"tag-aktuelle-news-aus-berlin-und-brandenburg","11":"tag-aktuelle-news-aus-brandenburg","12":"tag-berlin","13":"tag-berlin-und-brandenburg","14":"tag-brandenburg","15":"tag-deutschland","16":"tag-germany","17":"tag-haftstrafe","18":"tag-mehrjaehrige","19":"tag-untermieter"},"share_on_mastodon":{"url":"https:\/\/pubeurope.com\/@de\/115028066556251206","error":""},"_links":{"self":[{"href":"https:\/\/www.europesays.com\/de\/wp-json\/wp\/v2\/posts\/344578","targetHints":{"allow":["GET"]}}],"collection":[{"href":"https:\/\/www.europesays.com\/de\/wp-json\/wp\/v2\/posts"}],"about":[{"href":"https:\/\/www.europesays.com\/de\/wp-json\/wp\/v2\/types\/post"}],"author":[{"embeddable":true,"href":"https:\/\/www.europesays.com\/de\/wp-json\/wp\/v2\/users\/2"}],"replies":[{"embeddable":true,"href":"https:\/\/www.europesays.com\/de\/wp-json\/wp\/v2\/comments?post=344578"}],"version-history":[{"count":0,"href":"https:\/\/www.europesays.com\/de\/wp-json\/wp\/v2\/posts\/344578\/revisions"}],"wp:featuredmedia":[{"embeddable":true,"href":"https:\/\/www.europesays.com\/de\/wp-json\/wp\/v2\/media\/344579"}],"wp:attachment":[{"href":"https:\/\/www.europesays.com\/de\/wp-json\/wp\/v2\/media?parent=344578"}],"wp:term":[{"taxonomy":"category","embeddable":true,"href":"https:\/\/www.europesays.com\/de\/wp-json\/wp\/v2\/categories?post=344578"},{"taxonomy":"post_tag","embeddable":true,"href":"https:\/\/www.europesays.com\/de\/wp-json\/wp\/v2\/tags?post=344578"}],"curies":[{"name":"wp","href":"https:\/\/api.w.org\/{rel}","templated":true}]}}