{"id":344678,"date":"2025-08-14T17:28:12","date_gmt":"2025-08-14T17:28:12","guid":{"rendered":"https:\/\/www.europesays.com\/de\/344678\/"},"modified":"2025-08-14T17:28:12","modified_gmt":"2025-08-14T17:28:12","slug":"enni-night-macht-die-city-zur-partyzone","status":"publish","type":"post","link":"https:\/\/www.europesays.com\/de\/344678\/","title":{"rendered":"Enni Night macht die City zur Partyzone"},"content":{"rendered":"<p class=\"text_ohne_einzug richtext text-em-55 !leading-serif mx-6 desktop:mx-0\"> \u201eHier tanzt der Niederrhein\u201c ist auf den Enni-Bannern zu lesen. Die Moerser City wird am Samstag, 27. September, zur Partymeile. In 14 Kneipen, Caf\u00e9s, Restaurants und einem Vereinsheim steppt dann der B\u00e4r. Die Enni Night of the Bands erlebt nach dem erfolgreichem Revival 2024 eine fetzige Neuauflage mit viel Wumms. Latin, Jazz, Soul, Funk oder Schlager \u2013  f\u00fcr die Nachtschw\u00e4rmer, die 14 Spielst\u00e4tten in und um <a href=\"https:\/\/rp-online.de\/thema\/moers\/\" rel=\"nofollow noopener\" target=\"_blank\">Moers<\/a> ansteuern, wird musikalisch viel geboten.<\/p>\n<p class=\"richtext text-em-55 !leading-serif mx-6 desktop:mx-0\">Der Erfolg im letzten Jahr gab dem Macher Maik B\u00f6se aus dem nieders\u00e4chsischen <a href=\"https:\/\/rp-online.de\/thema\/oldenburg\/\" rel=\"nofollow noopener\" target=\"_blank\">Oldenburg<\/a> recht. \u201eIm letzten Jahr mussten wir nach Corona die Gastronomen noch \u00fcberzeugen, mitzumachen\u201c, so B\u00f6se. Doch einige hatten sogar im letzten Jahr direkt eine Wiederholung vereinbart, wie das Restaurant Odysseus. Dort wird wieder Moodish auftreten. Bei anderen rannte er offene T\u00fcren ein und musste nichts mehr erkl\u00e4ren, sondern nur machen. Unter den 14 Locations sind sogar neue Adressen und solche, die pausiert haben. So die Tanzschule Helfer mit gro\u00dfz\u00fcgigen R\u00e4umlichkeiten, wo die Akustikhelden auftreten. Wieder dabei ist die R\u00f6hre als Kultkneipe, wo die Band Generation X spielt.<\/p>\n<p class=\"richtext text-em-55 !leading-serif mx-6 desktop:mx-0\">Erstmals macht das Vinner Sch\u00fctzenhaus mit. \u201eAls Sch\u00fctzenverein sind wir bekannt f\u00fcr verschiedene Veranstaltungen. Bei der Enni-Nacht pr\u00e4sentieren uns als Ort, an dem sich gut abtanzen l\u00e4sst\u201c, meint dazu Frank Schmitz vom Vorstand und zust\u00e4ndig f\u00fcr dieses Event. Die Band Freezeland wird dort auftreten.<\/p>\n<p class=\"richtext text-em-55 !leading-serif mx-6 desktop:mx-0\">Maik B\u00f6se, der neben der Enni-Nacht seit Jahrzehnten eine K\u00fcnstleragentur betreibt, hat eine bunte Mischung zusammengestellt und aus dem Vollem gesch\u00f6pft. Sieben Bands kommen aus seinem Portfolio, die anderen sieben Bands sind in Moers mehrfach aufgetreten. Entweder \u00e4u\u00dfern die Gastronomen Musikw\u00fcnsche im Vorfeld, \u201edie zu ihrem Publikum passen. Andere wollen die Band, die schon all die Jahre bei ihnen aufgetreten ist und die ihre eigene Fan-Base hat\u201c, sagt Maik B\u00f6se.<\/p>\n<p class=\"richtext text-em-55 !leading-serif mx-6 desktop:mx-0\">Im letzten Jahr nahm das Weinhaus Engel teil und pr\u00e4sentierte den Saxophon-Star Hauke Quaer. In diesem Jahr ist das Weinhaus terminlich verhindert. Daraufhin schloss sich das Betreiberehepaar Engel mit dem direkten indischen Nachbarn kurz, der seine R\u00e4umlichkeiten im \u201eNaan Curry\u201c zur Verf\u00fcgung stellt.<\/p>\n<p class=\"richtext text-em-55 !leading-serif mx-6 desktop:mx-0\">Jede der Bands hat den eigenen Style, den eigen Sound und eben weitere Besonderheiten. Als generations\u00fcbergreifend beschreibt Maik B\u00f6se die Moerser Band Bobby Moo &amp; Friends, die im Caf\u00e9 Lyzeum auftritt. Das Alter reicht von 82 bis 16. Bobby Moo hat mit verschiedenen Musikern im Laufe der Jahre gespielt. Das neueste Projekt hei\u00dft Bobby Moo &amp; Friends. Unterst\u00fctzt wird es von Werner am Schlagzeug, seinem Freund Sir Adams am Saxophon und der 16-j\u00e4hrigen Stella als S\u00e4ngerin. Eine Konstellation, die sicherlich ankommen wird.<\/p>\n<p class=\"richtext text-em-55 !leading-serif mx-6 desktop:mx-0\">Die Band Coversutra ist wieder in der Kleinen Kneipe in Asberg zu erleben. Fidgets tritt mit Party-Cover Songs im Caf\u00e9 des Arts auf. Mama Mucke verzaubert mit Partyrockcover im Caf\u00e9 Mondrian. Corinna Wenders vom Diebels Live setzt mit der Band \u201eThe Lucky Ones\u201c erneut auf Schlager. Maik B\u00f6se: \u201eDiese Band ist einfach perfekt f\u00fcr das Diebels.\u201c Im Piccolo tritt Alex Chilla auf, im Fiddlers Rob Sure mit Rock Cover. Das Autentico hat die Band Granufunk zu Gast, die Feinkostschneiderei Barriola.<\/p>\n<p class=\"richtext text-em-55 !leading-serif mx-6 desktop:mx-0\">Ab sofort startet der Ticketverkauf. Die Karte kostet 16 Euro, 20 Euro an der Abendkasse. \u201eWir erleben tats\u00e4chlich, dass der Online-Verkauf zunimmt. Drei Viertel sind im letzten Jahr online verkauft worden\u201c, so Maik B\u00f6se. Weiterhin besteht die M\u00f6glichkeit, in den Lokalen eine Karten im Vorverkauf zu ergattern. Ausnahme: Im Naan Curry (Pfefferstra\u00dfe), Piccolo (Haagstra\u00dfe), R\u00f6hre (Weygoldstra\u00dfe) und Tanzschule Helfer (Wilhelm-Schr\u00f6der-Stra\u00dfe) findet kein Vorverkauf statt.<\/p>\n<p class=\"richtext text-em-55 !leading-serif mx-6 desktop:mx-0\">In den Handel kommen in diesem Jahr 1500 Karten, 200 mehr als noch im letzten Jahr. Am Veranstaltungstag selber k\u00f6nnen in den Locations noch Karten inklusive Eintrittsb\u00e4ndchen f\u00fcr alle Locations erworben werden. Wieder steht eine Zentralkasse auf dem Kastell. \u201eDie Enni-Night of the Bands ist nicht nur eine etablierte Veranstaltung in Moers, sondern bietet auch die M\u00f6glichkeit, die verschiedensten Lokale kennen zu lernen\u201c, freut sich Jonathan Nierhaus (Enni).<\/p>\n<p class=\"richtext text-em-55 !leading-serif mx-6 desktop:mx-0\">Damit die Nachtschw\u00e4rmer m\u00f6glichst viele Locations ansteuern, starten wie gewohnt die Auftritte zeitversetzt ab 19 Uhr. Bew\u00e4hrt hat sich der Einsatz eines Shuttles, der von 19 bis Mitternacht alle 30 Minuten, die Tanzschule Helfer, die Kleine Kneipe in Asberg und das Sch\u00fctzenhaus in Vinn anf\u00e4hrt.<\/p>\n<p class=\"richtext text-em-55 !leading-serif mx-6 desktop:mx-0\">Der Ticketkauf l\u00e4uft unter <a href=\"https:\/\/cas5-0-urlprotect.trendmicro.com\/wis\/clicktime\/v1\/query?url=https%3a%2f%2fwww.enni.de%2fmusiknacht.de&amp;umid=8523d0b4-6b5b-4982-a1ab-082c00865b3d&amp;rct=1755185455&amp;auth=f8c1baceba2a490369a2d3c8736469ec61ded91a-d0023ab7f9845de170ba1666706cacbcd3c76d1f\" target=\"_blank\" rel=\"nofollow noopener\">www.enni.de\/musiknacht.de<\/a>. Am Samstag, 30. August, feiert die Enni ihren Erlebnistag am Jostenhof, wo 25 Mal zwei Ticket verlost werden.<\/p>\n","protected":false},"excerpt":{"rendered":"\u201eHier tanzt der Niederrhein\u201c ist auf den Enni-Bannern zu lesen. Die Moerser City wird am Samstag, 27. September,&hellip;\n","protected":false},"author":2,"featured_media":344679,"comment_status":"","ping_status":"","sticky":false,"template":"","format":"standard","meta":{"footnotes":""},"categories":[1838],"tags":[3807,17465,6329,39050,10146,3364,29,3715,26801,30,57670,55127,43703,1209,2450,25341],"class_list":{"0":"post-344678","1":"post","2":"type-post","3":"status-publish","4":"format-standard","5":"has-post-thumbnail","7":"category-duisburg","8":"tag-moers","9":"tag-auftreten","10":"tag-band","11":"tag-bands","12":"tag-boese","13":"tag-de","14":"tag-deutschland","15":"tag-duisburg","16":"tag-enni","17":"tag-germany","18":"tag-locations","19":"tag-maik","20":"tag-night","21":"tag-nordrhein-westfalen","22":"tag-party","23":"tag-partymeile"},"share_on_mastodon":{"url":"https:\/\/pubeurope.com\/@de\/115028302576590879","error":""},"_links":{"self":[{"href":"https:\/\/www.europesays.com\/de\/wp-json\/wp\/v2\/posts\/344678","targetHints":{"allow":["GET"]}}],"collection":[{"href":"https:\/\/www.europesays.com\/de\/wp-json\/wp\/v2\/posts"}],"about":[{"href":"https:\/\/www.europesays.com\/de\/wp-json\/wp\/v2\/types\/post"}],"author":[{"embeddable":true,"href":"https:\/\/www.europesays.com\/de\/wp-json\/wp\/v2\/users\/2"}],"replies":[{"embeddable":true,"href":"https:\/\/www.europesays.com\/de\/wp-json\/wp\/v2\/comments?post=344678"}],"version-history":[{"count":0,"href":"https:\/\/www.europesays.com\/de\/wp-json\/wp\/v2\/posts\/344678\/revisions"}],"wp:featuredmedia":[{"embeddable":true,"href":"https:\/\/www.europesays.com\/de\/wp-json\/wp\/v2\/media\/344679"}],"wp:attachment":[{"href":"https:\/\/www.europesays.com\/de\/wp-json\/wp\/v2\/media?parent=344678"}],"wp:term":[{"taxonomy":"category","embeddable":true,"href":"https:\/\/www.europesays.com\/de\/wp-json\/wp\/v2\/categories?post=344678"},{"taxonomy":"post_tag","embeddable":true,"href":"https:\/\/www.europesays.com\/de\/wp-json\/wp\/v2\/tags?post=344678"}],"curies":[{"name":"wp","href":"https:\/\/api.w.org\/{rel}","templated":true}]}}