{"id":344696,"date":"2025-08-14T17:38:12","date_gmt":"2025-08-14T17:38:12","guid":{"rendered":"https:\/\/www.europesays.com\/de\/344696\/"},"modified":"2025-08-14T17:38:12","modified_gmt":"2025-08-14T17:38:12","slug":"postfiliale-im-essener-norden-seit-monaten-geschlossen","status":"publish","type":"post","link":"https:\/\/www.europesays.com\/de\/344696\/","title":{"rendered":"Postfiliale im Essener Norden seit Monaten geschlossen"},"content":{"rendered":"<p class=\"font-sans font-medium\">Essen-Karnap. Im M\u00e4rz wurde die Filiale pl\u00f6tzlich geschlossen. Laut Aushang sollte sie l\u00e4ngst wieder ge\u00f6ffnet sein. Warum das noch nicht geschehen ist.<\/p>\n<p class=\"\">Wer in <a href=\"https:\/\/www.waz.de\/lokales\/essen\/essen-nord\/\" target=\"_blank\" rel=\"nofollow noopener\">Karnap<\/a> derzeit Briefmarken kaufen oder Pakete verschicken will, steht bei der Postfiliale des Stadtteils vor verschlossenen T\u00fcren. Seit dem 19. M\u00e4rz ist die Filiale an der Ahnewinkelstra\u00dfe 3 mittlerweile geschlossen. <\/p>\n<p class=\"\">Dar\u00fcber informiert auch ein Aushang im Fenster, wonach diese Schlie\u00dfung allerdings lediglich bis zum 28. Juni andauern sollte. Online findet sich ein anderes Wiederer\u00f6ffnungsdatum im Filialsucher der Post: Dort ist der 16. August angegeben. <\/p>\n<p>Polizei best\u00e4tigt Einsatz an der Adresse der Postfiliale<\/p>\n<p class=\"\">Auf Anfrage teilt Britta T\u00f6llner, Sprecherin der DHL-Group, jedoch mit, dass sich auch dieses Datum nicht einhalten lasse. Die Filiale m\u00fcsse \u201ebis auf Weiteres\u201c geschlossen bleiben. Der Grund: \u201eErhebliche bauliche Besch\u00e4digungen nach einem Einbruch\u201c. Die Polizei best\u00e4tigt, dass es am 18. M\u00e4rz 2025 gegen 14.22 Uhr in der Ahnewinkelstra\u00dfe 3 einen Einsatz gegeben hat. Der Sachverhalt liege mittlerweile bei der Staatsanwaltschaft.<\/p>\n<ul>\n<li>Die <strong>Lokalredaktion Essen<\/strong> ist auch <strong>bei WhatsApp<\/strong>! Abonnieren Sie hier unseren kostenlosen Kanal: <strong><a href=\"https:\/\/www.whatsapp.com\/channel\/0029VaNmPLK9xVJlCV8WcH2c\" target=\"_blank\" rel=\"nofollow noopener\">direkt zum Channel<\/a><\/strong>!<\/li>\n<\/ul>\n<p class=\"\">Die Instandsetzungsarbeiten seien noch nicht beendet, so Britta T\u00f6llner, weshalb die Filiale derzeit noch nicht wieder \u00f6ffnen k\u00f6nne. So seien nach ihrem Kenntnisstand die Eingangst\u00fcr besch\u00e4digt und ein gro\u00dfer Tresor herausgerissen worden. Da die Post in dem Geb\u00e4ude lediglich Mieterin sei, m\u00fcsse man abwarten, bis der Eigent\u00fcmer die notwendigen Arbeiten abgeschlossen habe. <\/p>\n<p class=\"\">Solange die Filiale geschlossen sei, k\u00f6nnten Kundinnen und Kunden alle Standorte von Postfilialen und DHL Paketshops inklusive \u00d6ffnungszeiten online einsehen, erkl\u00e4rt Britta T\u00f6llner. Unter <a href=\"https:\/\/www.deutschepost.de\/de\/s\/standorte.html\" target=\"_blank\" rel=\"nofollow noopener\">deutschepost.de\/standorte<\/a> kann nach Standorten von Briefk\u00e4sten und deren Leerungszeiten sowie Standorten von Packstationen und Poststationen gesucht werden. <\/p>\n<p class=\"\"><strong>Essen-Newsletter: <\/strong><a href=\"https:\/\/abo-funkemedien.de\/?k=2025%2FNewsletter_WAZ%2FEssen_WAZ_Landingpage%2F1%2Fwaz\" target=\"_blank\" rel=\"nofollow noopener\">hier abonnieren<\/a> | <strong>Social Media:<\/strong> <a href=\"https:\/\/www.facebook.com\/WAZEssen\" target=\"_blank\" rel=\"nofollow noopener\">Facebook<\/a>, <a href=\"https:\/\/www.instagram.com\/waz_essen\/\" target=\"_blank\" rel=\"nofollow noopener\">Instagram<\/a> &amp; <a href=\"https:\/\/www.whatsapp.com\/channel\/0029VaNmPLK9xVJlCV8WcH2c\" target=\"_blank\" rel=\"nofollow noopener\">WhatsApp<\/a> | <strong>Unsere Schwerpunkte: <\/strong><a href=\"https:\/\/www.waz.de\/staedte\/essen\/blaulicht\/\" target=\"_blank\" rel=\"nofollow noopener\">Polizei- und Feuerwehr<\/a> + <a href=\"https:\/\/www.waz.de\/thema\/innenstadt-einkaufen-essen\/\" target=\"_blank\" rel=\"nofollow noopener\">Innenstadt<\/a> + <a href=\"https:\/\/www.waz.de\/sport\/fussball\/rwe\/\" target=\"_blank\" rel=\"nofollow noopener\">Rot-Weiss Essen<\/a> + <a href=\"https:\/\/www.waz.de\/sport\/lokalsport\/essen\/\" target=\"_blank\" rel=\"nofollow noopener\">Lokalsport<\/a> | <strong>Nachrichten <a href=\"https:\/\/www.waz.de\/lokales\/essen\/\" target=\"_blank\" rel=\"nofollow noopener\">aus ganz Essen<\/a>: <\/strong><a href=\"https:\/\/www.waz.de\/staedte\/essen\/sued\/\" target=\"_blank\" rel=\"nofollow noopener\">S\u00fcd<\/a> + <a href=\"https:\/\/www.waz.de\/staedte\/essen\/ruettenscheid-suedviertel-holsterhausen\/\" target=\"_blank\" rel=\"nofollow noopener\">R\u00fcttenscheid<\/a> + <a href=\"https:\/\/www.waz.de\/staedte\/essen\/nord\/\" target=\"_blank\" rel=\"nofollow noopener\">Nord<\/a> + <a href=\"https:\/\/www.waz.de\/staedte\/essen\/ost\/\" target=\"_blank\" rel=\"nofollow noopener\">Ost<\/a> + <a href=\"https:\/\/www.waz.de\/staedte\/essen\/kettwig-und-werden\/\" target=\"_blank\" rel=\"nofollow noopener\">Kettwig und Werden<\/a> + <a href=\"https:\/\/www.waz.de\/staedte\/essen\/borbeck-und-west\/\" target=\"_blank\" rel=\"nofollow noopener\">Borbeck und West<\/a> +++<\/p>\n<p>   Essen-Newsletter: Jetzt kostenlos anmelden!<\/p>\n<p class=\"text-body2 mt-2\">Nachrichten, Service, Reportagen: Jeden Tag wissen, was in unserer Stadt los ist.<\/p>\n<p class=\"text-caption text-copy-secondary\">\n          Mit meiner Anmeldung zum Newsletter stimme ich der<br \/>\n          <a href=\"https:\/\/www.waz.de\/services\/newsletter-adconsent\" class=\"text-overline text-copy-accent-negative dark:underline\" rel=\"nofollow noopener\" target=\"_blank\">Werbevereinbarung<\/a><br \/>\n          zu.\n        <\/p>\n<p class=\"\">Die Karnaper stehen nicht zum ersten Mal ohne Postfiliale da: Nachdem die Filiale an der Karnaper Stra\u00dfe <a href=\"https:\/\/www.waz.de\/lokales\/essen\/article402236779\/essener-traurig-wegen-schliessung-des-dhl-shops-in-karnap.html\" data-category-full-path=\"https:\/\/www.waz.de\/lokales\/essen\/\" data-paid-status=\"premium\" data-article-publish-date=\"1610028127\" rel=\"nofollow noopener\" target=\"_blank\">unter Protest<\/a> von Anwohnern und Politikern geschlossen worden war, vergingen mehrere Monate, bis die Post das Ladenlokal an der Ahnewinkelstra\u00dfe im Sommer 2021 bezog. <\/p>\n<p>  <script async src=\"\/\/www.instagram.com\/embed.js\"><\/script><\/p>\n","protected":false},"excerpt":{"rendered":"Essen-Karnap. Im M\u00e4rz wurde die Filiale pl\u00f6tzlich geschlossen. Laut Aushang sollte sie l\u00e4ngst wieder ge\u00f6ffnet sein. Warum das&hellip;\n","protected":false},"author":2,"featured_media":344697,"comment_status":"","ping_status":"","sticky":false,"template":"","format":"standard","meta":{"footnotes":""},"categories":[1834],"tags":[3364,29,3688,30,1209],"class_list":{"0":"post-344696","1":"post","2":"type-post","3":"status-publish","4":"format-standard","5":"has-post-thumbnail","7":"category-essen","8":"tag-de","9":"tag-deutschland","10":"tag-essen","11":"tag-germany","12":"tag-nordrhein-westfalen"},"share_on_mastodon":{"url":"https:\/\/pubeurope.com\/@de\/115028342120354392","error":""},"_links":{"self":[{"href":"https:\/\/www.europesays.com\/de\/wp-json\/wp\/v2\/posts\/344696","targetHints":{"allow":["GET"]}}],"collection":[{"href":"https:\/\/www.europesays.com\/de\/wp-json\/wp\/v2\/posts"}],"about":[{"href":"https:\/\/www.europesays.com\/de\/wp-json\/wp\/v2\/types\/post"}],"author":[{"embeddable":true,"href":"https:\/\/www.europesays.com\/de\/wp-json\/wp\/v2\/users\/2"}],"replies":[{"embeddable":true,"href":"https:\/\/www.europesays.com\/de\/wp-json\/wp\/v2\/comments?post=344696"}],"version-history":[{"count":0,"href":"https:\/\/www.europesays.com\/de\/wp-json\/wp\/v2\/posts\/344696\/revisions"}],"wp:featuredmedia":[{"embeddable":true,"href":"https:\/\/www.europesays.com\/de\/wp-json\/wp\/v2\/media\/344697"}],"wp:attachment":[{"href":"https:\/\/www.europesays.com\/de\/wp-json\/wp\/v2\/media?parent=344696"}],"wp:term":[{"taxonomy":"category","embeddable":true,"href":"https:\/\/www.europesays.com\/de\/wp-json\/wp\/v2\/categories?post=344696"},{"taxonomy":"post_tag","embeddable":true,"href":"https:\/\/www.europesays.com\/de\/wp-json\/wp\/v2\/tags?post=344696"}],"curies":[{"name":"wp","href":"https:\/\/api.w.org\/{rel}","templated":true}]}}