{"id":344713,"date":"2025-08-14T17:47:14","date_gmt":"2025-08-14T17:47:14","guid":{"rendered":"https:\/\/www.europesays.com\/de\/344713\/"},"modified":"2025-08-14T17:47:14","modified_gmt":"2025-08-14T17:47:14","slug":"stuttgart-obertuerkheim-beinahe-erfasst-frau-mit-kinderwagen-entgeht-betrunkenem-mercedes-fahrer","status":"publish","type":"post","link":"https:\/\/www.europesays.com\/de\/344713\/","title":{"rendered":"Stuttgart-Obert\u00fcrkheim: Beinahe erfasst \u2013 Frau mit Kinderwagen entgeht betrunkenem Mercedes-Fahrer"},"content":{"rendered":"<p>\t\t\t\t\t\t\t\t\t\t\t\t\t\t\t\t\t\t\t\t\t\t\t\t\t\t\t\t      \t\t            \t\t             \t\t\t\t   \t\t\t\t\t   <img decoding=\"async\" id=\"article-image\" fetchpriority=\"high\" alt=\"Stuttgart-Obert\u00fcrkheim: Beinahe erfasst \u2013 Frau mit Kinderwagen entgeht betrunkenem Mercedes-Fahrer\" title=\"Stuttgart-Obert\u00fcrkheim: Beinahe erfasst \u2013 Frau mit Kinderwagen entgeht betrunkenem Mercedes-Fahrer\" src=\"https:\/\/www.europesays.com\/de\/wp-content\/uploads\/2025\/08\/media.media.3515cea2-44c6-411b-836e-4c3052fce1f7.16x9_700.jpg\" data-linkto=\"https:\/\/www.stuttgarter-nachrichten.de\/javascript:void(0);\"\/>\t\t\t\t\t\t\t\t\t\t\t\t\t\t\t\t\t\t\t\t\t\t\t\tIn Stuttgart konnte eine Frau mit Kinderwagen nur knapp einem Zusammensto\u00df mit einem Auto entgehen. (Symbolbild)\u00a0Foto: IMAGO\/Eibner\t\t\t<\/p>\n<p>In Stuttgart konnte eine Frau mit Kinderwagen nur knapp einem Zusammensto\u00df mit einem Mercedes entgehen. Der Fahrer stand offenbar unter Alkoholeinfluss.<\/p>\n<p>Polizeibeamte haben am Dienstagabend in Obert\u00fcrkheim einen 43-J\u00e4hrigen festgenommen. Der Grund: Er soll Fu\u00dfg\u00e4nger gef\u00e4hrdet haben. Laut Angaben der <a href=\"https:\/\/www.stuttgarter-nachrichten.de\/thema\/Polizei\" title=\"Polizei\" class=\"art_thema\" target=\"_blank\" rel=\"noopener\">Polizei<\/a> beobachtete ein 46-j\u00e4hriger Zeuge, wie der Mann mit seinem Mercedes aus Richtung Esslingen kam. <\/p>\n<p>Auf H\u00f6he der Hausnummer 691 wollte eine Frau mit Kinderwagen die Stra\u00dfe \u00fcberqueren und musste zur Seite springen, um nicht vom Auto erfasst zu werden. Auch der Zeuge selbst konnte nur durch Ausweichen einen Zusammensto\u00df vermeiden.<\/p>\n<p> Mercedesfahrer stand mutma\u00dflich unter Alkoholeinfluss <\/p>\n<p>Der 46-J\u00e4hrige hielt den Mercedesfahrer bis zum Eintreffen der Polizei fest. Die Beamten stellten fest, dass der 43-J\u00e4hrige mutma\u00dflich unter Alkoholeinfluss und m\u00f6glicherweise auch unter Medikamenteneinfluss stand. Er musste eine Blutprobe abgeben, sein F\u00fchrerschein wurde beschlagnahmt. Am Mercedes wurden zwei platte Reifen und ein Unfallschaden festgestellt. Eine m\u00f6gliche Unfallstelle konnte bislang nicht gefunden werden.<\/p>\n<p>Nach Abschluss der polizeilichen Ma\u00dfnahmen wurde der Mann wieder auf freien Fu\u00df gesetzt. Zeugen und Gesch\u00e4digte, insbesondere die unbekannte Frau mit dem Kinderwagen, werden gebeten, sich beim Polizeirevier 5 in der Ostendstra\u00dfe unter der Rufnummer 0711\/8990-3500 zu melden.<\/p>\n","protected":false},"excerpt":{"rendered":"In Stuttgart konnte eine Frau mit Kinderwagen nur knapp einem Zusammensto\u00df mit einem Auto entgehen. (Symbolbild)\u00a0Foto: IMAGO\/Eibner In&hellip;\n","protected":false},"author":2,"featured_media":344714,"comment_status":"","ping_status":"","sticky":false,"template":"","format":"standard","meta":{"footnotes":""},"categories":[1830],"tags":[14833,1634,3364,29,30,5540,96300,121,8248,1441,61827,1284,5329],"class_list":{"0":"post-344713","1":"post","2":"type-post","3":"status-publish","4":"format-standard","5":"has-post-thumbnail","7":"category-stuttgart","8":"tag-alkohol-am-steuer","9":"tag-baden-wuerttemberg","10":"tag-de","11":"tag-deutschland","12":"tag-germany","13":"tag-kinderwagen","14":"tag-mercedes-fahrer","15":"tag-polizei","16":"tag-polizeibericht-stuttgart","17":"tag-stuttgart","18":"tag-stuttgart-obertuerkheim","19":"tag-unfall","20":"tag-video"},"share_on_mastodon":{"url":"https:\/\/pubeurope.com\/@de\/115028377442126984","error":""},"_links":{"self":[{"href":"https:\/\/www.europesays.com\/de\/wp-json\/wp\/v2\/posts\/344713","targetHints":{"allow":["GET"]}}],"collection":[{"href":"https:\/\/www.europesays.com\/de\/wp-json\/wp\/v2\/posts"}],"about":[{"href":"https:\/\/www.europesays.com\/de\/wp-json\/wp\/v2\/types\/post"}],"author":[{"embeddable":true,"href":"https:\/\/www.europesays.com\/de\/wp-json\/wp\/v2\/users\/2"}],"replies":[{"embeddable":true,"href":"https:\/\/www.europesays.com\/de\/wp-json\/wp\/v2\/comments?post=344713"}],"version-history":[{"count":0,"href":"https:\/\/www.europesays.com\/de\/wp-json\/wp\/v2\/posts\/344713\/revisions"}],"wp:featuredmedia":[{"embeddable":true,"href":"https:\/\/www.europesays.com\/de\/wp-json\/wp\/v2\/media\/344714"}],"wp:attachment":[{"href":"https:\/\/www.europesays.com\/de\/wp-json\/wp\/v2\/media?parent=344713"}],"wp:term":[{"taxonomy":"category","embeddable":true,"href":"https:\/\/www.europesays.com\/de\/wp-json\/wp\/v2\/categories?post=344713"},{"taxonomy":"post_tag","embeddable":true,"href":"https:\/\/www.europesays.com\/de\/wp-json\/wp\/v2\/tags?post=344713"}],"curies":[{"name":"wp","href":"https:\/\/api.w.org\/{rel}","templated":true}]}}