{"id":344884,"date":"2025-08-14T19:23:13","date_gmt":"2025-08-14T19:23:13","guid":{"rendered":"https:\/\/www.europesays.com\/de\/344884\/"},"modified":"2025-08-14T19:23:13","modified_gmt":"2025-08-14T19:23:13","slug":"brooklyn-beckham-war-auch-sie-nicht-zur-zweiten-hochzeit-eingeladen","status":"publish","type":"post","link":"https:\/\/www.europesays.com\/de\/344884\/","title":{"rendered":"Brooklyn Beckham: War auch SIE nicht zur zweiten Hochzeit eingeladen?"},"content":{"rendered":"<p>Nicola + Brooklyn Peltz Beckham<br \/>\nWar auch enge Freundin Selena Gomez nicht zur Hochzeit eingeladen?<\/p>\n<p><img class=\"image image-element__image\"   src=\"https:\/\/www.europesays.com\/de\/wp-content\/uploads\/2025\/08\/brooklyn-beckham-selena-gomez.jpg\" alt=\"Selena Gomez, Nicola und Brooklyn Peltz Beckham\" decoding=\"async\" fetchpriority=\"high\" loading=\"eager\"\/><br \/>\n<a href=\"https:\/\/image.gala.de\/24435344\/t\/6Y\/v3\/w2048\/r1.5\/-\/brooklyn-beckham-selena-gomez.jpg#Bestimage%20%2F%20imago%20images\" class=\"image__magnifier\" aria-label=\"Vergr\u00f6\u00dfern\" rel=\"nofollow noopener\" target=\"_blank\"><\/p>\n<p> <a href=\"https:\/\/www.gala.de\/stars\/starportraets\/selena-gomez-20478800.html\" data-article-type=\"star-portrait\" rel=\"nofollow noopener\" target=\"_blank\">Selena Gomez<\/a>, Nicola und <a href=\"https:\/\/www.gala.de\/stars\/starportraets\/brooklyn-beckham-20487658.html\" data-article-type=\"star-portrait\" rel=\"nofollow noopener\" target=\"_blank\">Brooklyn Peltz Beckham<\/a> <\/p>\n<p>\u00a9 Bestimage \/ imago images<\/p>\n<p>\nVor Kurzem haben Nicola und Brooklyn Peltz Beckham ihre zweite Hochzeit gefeiert. Dass David und Victoria Beckham inmitten des Familienstreits fehlten, war zu erwarten. Doch die Abwesenheit von Nicolas enger Freundin Selena Gomez \u00fcberrascht.\n<\/p>\n<p class=\"text-element u-richtext u-typo u-typo--article-text article__text-element text-element--context-article\"> Am 2. August 2025 haben <a class=\"\" data-target-type=\"article\" href=\"https:\/\/www.gala.de\/themen\/nicola-peltz-20981384.html\" target=\"_self\" rel=\"nofollow noopener\">Nicola<\/a>, 30, und <a class=\"\" data-target-type=\"article\" href=\"https:\/\/www.gala.de\/stars\/news\/themen\/brooklyn-peltz-22834984.html\" target=\"_self\" rel=\"nofollow noopener\">Brooklyn Peltz Beckham<\/a>, 26, drei Jahre nach ihrer Hochzeit ihr Ehegel\u00fcbde erneuert. Wegen des weiterhin andauernden Familienstreits haben David, 50, und <a class=\"link--person\" data-target-type=\"article\" href=\"https:\/\/www.gala.de\/stars\/starportraets\/victoria-beckham-20510110.html\" rel=\"nofollow noopener\" target=\"_blank\">Victoria Beckham<\/a>, 51, sowie die Br\u00fcder des 26-J\u00e4hrigen durch Abwesenheit gegl\u00e4nzt \u2013 <a data-target-type=\"article\" href=\"https:\/\/www.gala.de\/stars\/news\/brooklyn-beckham--hochzeit-ohne-eltern--nicola-posiert-mit-ihrer-familie-24433692.html\" rel=\"nofollow noopener\" target=\"_blank\">daf\u00fcr waren alle Angeh\u00f6rigen der Braut dabei<\/a>.<\/p>\n<p class=\"text-element u-richtext u-typo u-typo--article-text article__text-element text-element--context-article\"> Auch Stars wie Oscarpreistr\u00e4ger <a class=\"link--person\" data-target-type=\"article\" href=\"https:\/\/www.gala.de\/stars\/starportraets\/adrien-brody-20507660.html\" rel=\"nofollow noopener\" target=\"_blank\">Adrien Brody<\/a>, 52, und seine Partnerin Georgina Chapman, 49, haben die Liebe des jungen Paares gefeiert. Doch wo war <a class=\"link--person\" data-target-type=\"article\" href=\"https:\/\/www.gala.de\/stars\/starportraets\/selena-gomez-20478800.html\" rel=\"nofollow noopener\" target=\"_blank\">Selena Gomez<\/a>, 33?<\/p>\n<p>Selena Gomez&#8216; Abwesenheit bei Beckham-Hochzeit \u00fcberrascht<\/p>\n<p class=\"text-element u-richtext u-typo u-typo--article-text article__text-element text-element--context-article\"> Immerhin stehen sich die Musikerin und das Paar \u00e4u\u00dferst nahe. In den sozialen Medien haben sowohl Selena Gomez als auch Nicola Peltz Beckham in den vergangenen Jahren immer wieder gemeinsame Fotos gepostet, wichtige Ereignisse oder Feiertage zusammen verbracht. Auch zu dem Hobbykoch pflegt die &#8222;Only Murders in the Building&#8220;-Darstellerin eine langj\u00e4hrige Freundschaft. Gomez scherzte auf Instagram sogar einst, dass sie eine &#8222;Dreierbeziehung&#8220; f\u00fchren w\u00fcrden, nachdem das Trio 2023 gemeinsam in Mexiko Silvester zelebriert hatte.<\/p>\n<p class=\"text-element u-richtext u-typo u-typo--article-text article__text-element text-element--context-article\"> Doch nun blieb die 33-J\u00e4hrige dem gro\u00dfen Tag ihrer Freund:innen fern, au\u00dferdem hat sie die zahlreichen Beitr\u00e4ge von Nicola in den sozialen Medien nicht kommentiert. &#8222;Selena war nicht da, aber es waren viele G\u00e4ste da, die auf der Gehaltsliste von Peltz stehen. Sie hat nicht einmal \u00f6ffentlich gratuliert, was sehr, sehr untypisch f\u00fcr sie ist&#8220;, sagt eine Quelle nun gegen\u00fcber &#8222;Daily Mail&#8220; und mutma\u00dft: &#8222;Es gab eine Zeit, in der Selena Nicola nach ihrem Zerw\u00fcrfnis mit den Beckhams geholfen hat, vielleicht hat sie jetzt genug davon.&#8220;<\/p>\n<p>Hollywoodstar soll Nicola Peltz Beckham getr\u00f6stet haben<\/p>\n<p class=\"text-element u-richtext u-typo u-typo--article-text article__text-element text-element--context-article\"> Zuvor wurde berichtet, dass Selena Gomez alles getan habe, um Nicola Peltz Beckham w\u00e4hrend der Familienfehde zu unterst\u00fctzen. So habe die S\u00e4ngerin, die mit Benny Blanco, 37, verlobt ist, regen Kontakt gehalten. &#8222;Selena ist immer f\u00fcr ihre Freunde da, wenn sie etwas brauchen&#8220;, verriet ein Insider der britischen Publikation.<\/p>\n<p class=\"text-element u-richtext u-typo u-typo--article-text article__text-element text-element--context-article\"> &#8222;Sie hat Nicola Nachrichten geschickt und versucht, sie von dem Drama abzulenken. Sie hat \u00fcber ihre bevorstehende Hochzeit gesprochen und liebt es, sich von Nicola beraten zu lassen.&#8220; Warum Selena Gomez bei Nicolas und Brooklyns zweiter Hochzeit gefehlt hat, bleibt also vorerst ein R\u00e4tsel.<\/p>\n<p class=\"text-element u-richtext u-typo u-typo--article-text article__text-element text-element--context-article\"> Verwendete Quellen: dailymail.co.uk, instagram.com<\/p>\n<p>\nsti<br \/>\nGala\n<\/p>\n<p>#Themen<\/p>\n<p><script async src=\"\/\/www.instagram.com\/embed.js\"><\/script><\/p>\n","protected":false},"excerpt":{"rendered":"Nicola + Brooklyn Peltz Beckham War auch enge Freundin Selena Gomez nicht zur Hochzeit eingeladen? Selena Gomez, Nicola&hellip;\n","protected":false},"author":2,"featured_media":344885,"comment_status":"","ping_status":"","sticky":false,"template":"","format":"standard","meta":{"footnotes":""},"categories":[1776],"tags":[1801,29,214,30,1802,215],"class_list":{"0":"post-344884","1":"post","2":"type-post","3":"status-publish","4":"format-standard","5":"has-post-thumbnail","7":"category-prominente","8":"tag-celebrities","9":"tag-deutschland","10":"tag-entertainment","11":"tag-germany","12":"tag-prominente","13":"tag-unterhaltung"},"share_on_mastodon":{"url":"https:\/\/pubeurope.com\/@de\/115028754705041667","error":""},"_links":{"self":[{"href":"https:\/\/www.europesays.com\/de\/wp-json\/wp\/v2\/posts\/344884","targetHints":{"allow":["GET"]}}],"collection":[{"href":"https:\/\/www.europesays.com\/de\/wp-json\/wp\/v2\/posts"}],"about":[{"href":"https:\/\/www.europesays.com\/de\/wp-json\/wp\/v2\/types\/post"}],"author":[{"embeddable":true,"href":"https:\/\/www.europesays.com\/de\/wp-json\/wp\/v2\/users\/2"}],"replies":[{"embeddable":true,"href":"https:\/\/www.europesays.com\/de\/wp-json\/wp\/v2\/comments?post=344884"}],"version-history":[{"count":0,"href":"https:\/\/www.europesays.com\/de\/wp-json\/wp\/v2\/posts\/344884\/revisions"}],"wp:featuredmedia":[{"embeddable":true,"href":"https:\/\/www.europesays.com\/de\/wp-json\/wp\/v2\/media\/344885"}],"wp:attachment":[{"href":"https:\/\/www.europesays.com\/de\/wp-json\/wp\/v2\/media?parent=344884"}],"wp:term":[{"taxonomy":"category","embeddable":true,"href":"https:\/\/www.europesays.com\/de\/wp-json\/wp\/v2\/categories?post=344884"},{"taxonomy":"post_tag","embeddable":true,"href":"https:\/\/www.europesays.com\/de\/wp-json\/wp\/v2\/tags?post=344884"}],"curies":[{"name":"wp","href":"https:\/\/api.w.org\/{rel}","templated":true}]}}