{"id":344888,"date":"2025-08-14T19:25:11","date_gmt":"2025-08-14T19:25:11","guid":{"rendered":"https:\/\/www.europesays.com\/de\/344888\/"},"modified":"2025-08-14T19:25:11","modified_gmt":"2025-08-14T19:25:11","slug":"wir-spielen-alltag-von-lizzie-doron","status":"publish","type":"post","link":"https:\/\/www.europesays.com\/de\/344888\/","title":{"rendered":"\u201eWir spielen Alltag\u201c von Lizzie Doron"},"content":{"rendered":"\n<p class=\"article_excerpt\">In \u201eWir spielen Alltag\u201c zeigt Lizzie Doron die tiefe Entfremdung liberaler und linker Menschen von ihrem Staat und gleichzeitig ihr internationales politisches Alleingelassensein.<\/p>\n<p>Die israelische Autorin <a href=\"https:\/\/kulturnews.de\/kuenstler\/lizzie-doron\/\" title=\"Lizzie Doron\" rel=\"nofollow noopener\" target=\"_blank\">Lizzie Doron<\/a> hat mit \u201eWir spielen Alltag. Leben in Israel seit dem 7. Oktober\u201c ein Tagebuch ver\u00f6ffentlicht, das in der Summe \u00e4u\u00dferst beklemmend ist, obwohl die Autorin immer wieder trotz des Themas \u2013 das Massaker der Hamas und seine Folgen im Laufe von exakt einem Jahr \u2013 mit Lakonie und kleinen Pointen operiert, um ein bisschen Leichtigkeit in dieses ernste Thema zu bringen. <a href=\"https:\/\/kulturnews.de\/kuenstler\/lizzie-doron\/\" title=\"Lizzie Doron\" rel=\"nofollow noopener\" target=\"_blank\">Lizzie Doron<\/a> geh\u00f6rt zur zweiten Generation der Holocaust-\u00dcberlebenden und steht auf der Boykottliste des BDS. Die transnationale Kampagne \u201eBoycott, Divestment and Sanctions\u201c bestreitet das Existenzrecht Israels in G\u00e4nze. 2018 in Berlin \u2013 als Doron gemeinsam mit dem damaligen Berliner Kultursenator Klaus Lederer auf dem Podium gesessen hat \u2013 wurde die Lesung vom BDS durch Niederbr\u00fcllen gesprengt. Das ist umso skurriler, als die Schriftstellerin seit einigen Jahren keinen israelischen Verlag mehr findet.<\/p>\n<p>Lizzie Doron: Wir spielen Alltag<\/p>\n<p>dtv, 2025, 160 S., 22 Euro<\/p>\n<p>Aus d. Hebr\u00e4isch. v. Markus Lemke<\/p>\n<p>Konkret: seitdem sie sich in ihren B\u00fcchern vor allem dem Schicksal von Pal\u00e4stinensern widmet wie zum Beispiel in \u201eSweet Occupation\u201c \u00fcber einen ehemaligen pal\u00e4stinensischen Terroristen. Das Buch ist zun\u00e4chst nur in Deutschland erschienen. Seit dem 7. Oktober aber f\u00fchlt sich Doron auch hierzulande nicht mehr sicher. Sie wagt in der deutschen \u00d6ffentlichkeit wegen des allt\u00e4glichen linken Antisemitismus\u2019 nicht mehr, Hebr\u00e4isch zu sprechen. In Israel gegen den Krieg in Gaza auf die Stra\u00dfe gehend und gegen die Regierung demonstrierend, zeigt <a href=\"https:\/\/kulturnews.de\/kuenstler\/lizzie-doron\/\" title=\"Lizzie Doron\" rel=\"nofollow noopener\" target=\"_blank\">Lizzie Doron<\/a> in \u201eWir spielen Alltag\u201c die tiefe Entfremdung liberaler und linker Menschen mit ihrem Staat und gleichzeitig ihr internationales politisches Alleingelassensein.<\/p>\n<p>Hat es <a href=\"https:\/\/kulturnews.de\/kuenstler\/lizzie-doron\/\" title=\"Lizzie Doron\" rel=\"nofollow noopener\" target=\"_blank\">Lizzie Doron<\/a> mit \u201eWir spielen Alltag\u201c auf <a href=\"https:\/\/kulturnews.de\/die-besten-buecher-2025-empfehlungen-fuer-den-august\/\" rel=\"nofollow noopener\" target=\"_blank\">unsere Liste der besten B\u00fccher im August 2025<\/a> geschafft?<\/p>\n","protected":false},"excerpt":{"rendered":"In \u201eWir spielen Alltag\u201c zeigt Lizzie Doron die tiefe Entfremdung liberaler und linker Menschen von ihrem Staat und&hellip;\n","protected":false},"author":2,"featured_media":344889,"comment_status":"","ping_status":"","sticky":false,"template":"","format":"standard","meta":{"footnotes":""},"categories":[1774],"tags":[1784,1785,29,214,30,215],"class_list":{"0":"post-344888","1":"post","2":"type-post","3":"status-publish","4":"format-standard","5":"has-post-thumbnail","7":"category-buecher","8":"tag-books","9":"tag-buecher","10":"tag-deutschland","11":"tag-entertainment","12":"tag-germany","13":"tag-unterhaltung"},"share_on_mastodon":{"url":"https:\/\/pubeurope.com\/@de\/115028762619887852","error":""},"_links":{"self":[{"href":"https:\/\/www.europesays.com\/de\/wp-json\/wp\/v2\/posts\/344888","targetHints":{"allow":["GET"]}}],"collection":[{"href":"https:\/\/www.europesays.com\/de\/wp-json\/wp\/v2\/posts"}],"about":[{"href":"https:\/\/www.europesays.com\/de\/wp-json\/wp\/v2\/types\/post"}],"author":[{"embeddable":true,"href":"https:\/\/www.europesays.com\/de\/wp-json\/wp\/v2\/users\/2"}],"replies":[{"embeddable":true,"href":"https:\/\/www.europesays.com\/de\/wp-json\/wp\/v2\/comments?post=344888"}],"version-history":[{"count":0,"href":"https:\/\/www.europesays.com\/de\/wp-json\/wp\/v2\/posts\/344888\/revisions"}],"wp:featuredmedia":[{"embeddable":true,"href":"https:\/\/www.europesays.com\/de\/wp-json\/wp\/v2\/media\/344889"}],"wp:attachment":[{"href":"https:\/\/www.europesays.com\/de\/wp-json\/wp\/v2\/media?parent=344888"}],"wp:term":[{"taxonomy":"category","embeddable":true,"href":"https:\/\/www.europesays.com\/de\/wp-json\/wp\/v2\/categories?post=344888"},{"taxonomy":"post_tag","embeddable":true,"href":"https:\/\/www.europesays.com\/de\/wp-json\/wp\/v2\/tags?post=344888"}],"curies":[{"name":"wp","href":"https:\/\/api.w.org\/{rel}","templated":true}]}}