{"id":345380,"date":"2025-08-14T23:54:41","date_gmt":"2025-08-14T23:54:41","guid":{"rendered":"https:\/\/www.europesays.com\/de\/345380\/"},"modified":"2025-08-14T23:54:41","modified_gmt":"2025-08-14T23:54:41","slug":"haller-sorgen-sich-um-kleine-ente-warum-die-stadt-nicht-helfen-kann-haller-kreisblatt","status":"publish","type":"post","link":"https:\/\/www.europesays.com\/de\/345380\/","title":{"rendered":"Haller sorgen sich um kleine Ente \u2013 warum die Stadt nicht helfen kann | Haller Kreisblatt"},"content":{"rendered":"<p id=\"absatz1\">Halle. F\u00fcr diesen Erpel m\u00fcssen die Leitungen im Rathaus gegl\u00fcht haben. Zumindest \u00e4u\u00dfern mehrere Facebook-User, dass sie teilweise sogar mehrfach versucht haben, das geschw\u00e4cht wirkende Tier am Laibach zu melden. Diskutiert wurde das Problem jetzt unter einem Facebook-Beitrag einer engagierten Hallerin \u2013 sie schreibt: \u201eLiebes Ordnungsamt, liebe Mitb\u00fcrger, seit geraumer Zeit ist hier eine kranke Ente im Laibach-Park am Ententeich. Ich habe schon mehrfach das Ordnungsamt darauf hingewiesen, dass hier etwas getan werden muss.\u201c Des Weiteren dokumentiert sie, Reste vom Grillen und eine im Laibach versenkte Baustellen-Absperrung. \u201eWie kann man darauf noch stolz sein, in Halle zu leben?\u201c, kommentiert sie diesen Fund.<\/p>\n<p id=\"absatz2\">Mehrere User der Gruppe \u201eDu kommst aus Halle, wenn &#8230;\u201c best\u00e4tigen diese Beobachtungen und \u00e4u\u00dfern Frust aufgrund der scheinbar fehlenden Reaktionen seitens der Stadt. Doch die Angelegenheit scheint \u201ekomplexer\u201c zu sein, wie auch die Hallerin sp\u00e4ter \u00fcber ihrem Beitrag erg\u00e4nzt. Der st\u00e4dtische Pressesprecher Timo Klack kommentiert die Aufregung mit den Worten: \u201eEndlich ist das neue Sommerloch-Tier gefunden.\u201c Doch das soll nicht hei\u00dfen, dass die Ente nicht ernstgenommen wird. <\/p>\n<p id=\"absatz4\">Das Ordnungsamt kl\u00e4rt mit einer Pressemitteilung auf, warum die Stadt selbst trotz mehrfacher Meldungen nicht handelt: \u201eStockenten geh\u00f6ren rechtlich zu den jagdbaren Arten. Das bedeutet, dass allein der zust\u00e4ndige Jagdp\u00e4chter entscheidet, ob und wie bei verletzten oder kranken Tieren eingegriffen wird. Als Stadtverwaltung d\u00fcrfen wir nicht einfach eingreifen.\u201c <\/p>\n<p>Haller Ordnungsamt \u00fcbergibt den Fall an den Jagdp\u00e4chter<\/p>\n<p><a class=\"article-detail-image use-fancybox\" href=\"https:\/\/www.haller-kreisblatt.de\/_em_daten\/_cache\/image\/1xei8rYUpPZC9NQnc0NzNXanMvODBwWHhOaXVsQ21WT2FyQVlzdzZEdXV3bDhoUDBuTE4yM3hvSVdncEhoNVRqVlQwcE5FRFMzMWt2TG5oNmE3N1hNNHBENExVbXMwZkdvNkRyU1hqcDFQbms9\/250813-1618-644294791.jpg\" rel=\"article-detail-image-overlay noopener\" title=\"Symbolbild: F\u00fcr wilde Enten sind Jagdp\u00e4chter zust\u00e4ndig. Wer eigenm\u00e4chtig handelt, muss mit Schwierigkeiten rechnen. - \u00a9 Pixabay\" target=\"_blank\"><\/p>\n<p><img decoding=\"async\" itemprop=\"image\" class=\"media-object img-responsive\" width=\"500\" src=\"https:\/\/www.europesays.com\/de\/wp-content\/uploads\/2025\/08\/250813-1618-644294791.jpg\" alt=\"Symbolbild: F\u00fcr wilde Enten sind Jagdp\u00e4chter zust\u00e4ndig. Wer eigenm\u00e4chtig handelt, muss mit Schwierigkeiten rechnen. - \u00a9 Pixabay\"\/><br \/>\n<\/a><\/p>\n<p>Symbolbild: F\u00fcr wilde Enten sind Jagdp\u00e4chter zust\u00e4ndig. Wer eigenm\u00e4chtig handelt, muss mit Schwierigkeiten rechnen.<br \/>\n(\u00a9 Pixabay)<\/p>\n<p id=\"absatz6\" class=\"em_text\">F\u00fcr die Jagd auf Stockenten gilt in NRW eine feste Jagdzeit vom 16. September bis 15. Januar. Au\u00dferhalb dieser Zeit \u2013 und generell bei der Versorgung verletzter Wildtiere \u2013 ist jede Ma\u00dfnahme ohne Zustimmung des Jagdp\u00e4chters verboten. Eigenm\u00e4chtiges Handeln, so gut es auch gemeint sein mag, kann sogar als Wilderei nachverfolgt werden \u2013 und zwar f\u00fcr Privatpersonen ebenso wie f\u00fcr die Stadtverwaltung.<\/p>\n<p id=\"absatz7\" class=\"em_text\">Der Jagdp\u00e4chter des betroffenen Reviers im Stadtpark sei informiert und pr\u00fcfe im Rahmen seiner Zust\u00e4ndigkeit, ob Handlungsbedarf besteht, hei\u00dft es weiterhin in der Pressemitteilung: \u201eDie Stadt darf weder eigenm\u00e4chtig t\u00e4tig werden noch diese Entscheidung ersetzen.\u201c<\/p>\n<p id=\"absatz8\"><b class=\"bold\">Lesen Sie auch: <\/b><a href=\"https:\/\/www.haller-kreisblatt.de\/lokal\/borgholzhausen\/24151466_Hunde-in-Not-Borgholzhausenerin-mit-ganzem-Herzen-im-Tierschutz-aktiv-v1.html\" target=\"_blank\" rel=\"noopener\">Hunde-Gl\u00fcck: Wie Sch\u00e4ferhund Jonny in Borgholzhausen ein neues Zuhause fand<\/a><\/p>\n<p id=\"absatz9\" class=\"em_text\">Man verweist au\u00dferdem darauf, dass nicht jedes Tier, das geschw\u00e4cht wirke, tats\u00e4chlich krank oder verletzt sei. \u201eBei Wasserv\u00f6geln kann zum Beispiel die Mauser \u2013 der Wechsel des Gefieders \u2013 den Eindruck erwecken, ein Tier sei angeschlagen.\u201c In dieser Zeit sei es wichtig, die Tiere nicht zu st\u00f6ren, damit sie sich erholen k\u00f6nnten. Wer ein verletztes oder geschw\u00e4chtes Wildtier sieht, sollte deshalb Abstand halten, das Tier nicht aufscheuchen, den Zustand beobachten und \u2013 wenn sich dieser verschlechtert \u2013 den Jagdp\u00e4chter oder ersatzweise Polizei beziehungsweise Ordnungsamt informieren, die den Jagdp\u00e4chter benachrichtigen. Eigenst\u00e4ndiges Einfangen oder Mitnehmen sei verboten und k\u00f6nne strafrechtliche Folgen haben, warnt das Ordnungsamt.<\/p>\n<p id=\"absatz10\"><b class=\"bold\">Aktuelle News bekommen Sie t\u00e4glich \u00fcber den <\/b><a data-auth=\"NotApplicable\" data-linkindex=\"0\" href=\"https:\/\/whatsapp.com\/channel\/0029VagU0FW1SWsxhmHz2v0q\" rel=\"noreferrer noopener\" target=\"_blank\" title=\"https:\/\/whatsapp.com\/channel\/0029VagU0FW1SWsxhmHz2v0q\">WhatsApp-Kanal des HK<\/a> <\/p>\n","protected":false},"excerpt":{"rendered":"Halle. F\u00fcr diesen Erpel m\u00fcssen die Leitungen im Rathaus gegl\u00fcht haben. Zumindest \u00e4u\u00dfern mehrere Facebook-User, dass sie teilweise&hellip;\n","protected":false},"author":2,"featured_media":345381,"comment_status":"","ping_status":"","sticky":false,"template":"","format":"standard","meta":{"footnotes":""},"categories":[1841],"tags":[6027,1605,3364,29,291,30,4062,732,4280,49960,734,19081,10127,1613,1209,86471],"class_list":{"0":"post-345380","1":"post","2":"type-post","3":"status-publish","4":"format-standard","5":"has-post-thumbnail","7":"category-bielefeld","8":"tag-ordnungsamt","9":"tag-bielefeld","10":"tag-de","11":"tag-deutschland","12":"tag-facebook","13":"tag-germany","14":"tag-halle","15":"tag-label_frei","16":"tag-label_l-120","17":"tag-laibach","18":"tag-meta_artikelklasse_nachricht","19":"tag-meta_copyrights_hk","20":"tag-meta_themen_natur_klima_umwelt","21":"tag-meta_userneeds_informieremich","22":"tag-nordrhein-westfalen","23":"tag-timo-klack"},"share_on_mastodon":{"url":"https:\/\/pubeurope.com\/@de\/115029820460561469","error":""},"_links":{"self":[{"href":"https:\/\/www.europesays.com\/de\/wp-json\/wp\/v2\/posts\/345380","targetHints":{"allow":["GET"]}}],"collection":[{"href":"https:\/\/www.europesays.com\/de\/wp-json\/wp\/v2\/posts"}],"about":[{"href":"https:\/\/www.europesays.com\/de\/wp-json\/wp\/v2\/types\/post"}],"author":[{"embeddable":true,"href":"https:\/\/www.europesays.com\/de\/wp-json\/wp\/v2\/users\/2"}],"replies":[{"embeddable":true,"href":"https:\/\/www.europesays.com\/de\/wp-json\/wp\/v2\/comments?post=345380"}],"version-history":[{"count":0,"href":"https:\/\/www.europesays.com\/de\/wp-json\/wp\/v2\/posts\/345380\/revisions"}],"wp:featuredmedia":[{"embeddable":true,"href":"https:\/\/www.europesays.com\/de\/wp-json\/wp\/v2\/media\/345381"}],"wp:attachment":[{"href":"https:\/\/www.europesays.com\/de\/wp-json\/wp\/v2\/media?parent=345380"}],"wp:term":[{"taxonomy":"category","embeddable":true,"href":"https:\/\/www.europesays.com\/de\/wp-json\/wp\/v2\/categories?post=345380"},{"taxonomy":"post_tag","embeddable":true,"href":"https:\/\/www.europesays.com\/de\/wp-json\/wp\/v2\/tags?post=345380"}],"curies":[{"name":"wp","href":"https:\/\/api.w.org\/{rel}","templated":true}]}}