{"id":345694,"date":"2025-08-15T02:51:17","date_gmt":"2025-08-15T02:51:17","guid":{"rendered":"https:\/\/www.europesays.com\/de\/345694\/"},"modified":"2025-08-15T02:51:17","modified_gmt":"2025-08-15T02:51:17","slug":"bonn-will-sich-als-modellkommune-fuer-eine-effizientere-verwaltung-bewerben","status":"publish","type":"post","link":"https:\/\/www.europesays.com\/de\/345694\/","title":{"rendered":"Bonn will sich als Modellkommune f\u00fcr eine effizientere Verwaltung bewerben"},"content":{"rendered":"<p class=\"text_ohne_einzug richtext text-em-55 !leading-serif mx-6 desktop:mx-0\">Die Bundesstadt Bonn strebt eine Bewerbung als Modellkommune <a href=\"https:\/\/ga.de\/news\/politik\/deutschland\/interview-mit-peer-steinbrueck_aid-126065139\" rel=\"nofollow noopener\" target=\"_blank\">im Rahmen der Initiative \u201eF\u00fcr einen handlungsf\u00e4higen Staat&#8220; <\/a>an. Das teilt das Presseamt jetzt mit. Die Initiative ins Leben gerufen haben die Unternehmerin und Verlegerin Julia J\u00e4kel, der ehemalige Pr\u00e4sident des Bundesverfassungsgerichtes, Andreas Vo\u00dfkuhle, sowie den beiden ehemaligen Bundesminister Thomas de Maizi\u00e8re (CDU) und Peer Steinbr\u00fcck (SPD). Ihr Ziel war vor allem, die Effizienz und B\u00fcrgern\u00e4he der deutschen Verwaltungen durch umfassende Reformen zu st\u00e4rken.<\/p>\n<p class=\"richtext text-em-55 !leading-serif mx-6 desktop:mx-0\">In dem Zusammenhang will dem Presseamt zufolge Oberb\u00fcrgermeisterin Katja D\u00f6rner (Gr\u00fcne) dem Stadtrat nun vorschlagen, Bonn f\u00fcr die Erprobung neuer Formen kooperativen Verwaltungshandelns ins Rennen zu schicken. In einem Brief an den Bundesminister f\u00fcr Digitales und Staatsmodernisierung, Karsten Wildberger (CDU), schreibt D\u00f6rner, \u201edie Empfehlungen des Abschlussberichtes zur Verwaltungsmodernisierung decken sich in vielen Punkten mit unseren eigenen Erfahrungen und Reformzielen. Als Bundesstadt mit Sitz zahlreicher Bundesinstitutionen, als UN-Standort und Wissenschaftsstadt bringt Bonn ideale Voraussetzungen mit, um innovative Verwaltungsans\u00e4tze zu testen und weiterzuentwickeln\u201c.<\/p>\n<p class=\"text_ohne_einzug richtext text-em-55 !leading-serif mx-6 desktop:mx-0\">Ziel der Bewerbung sei es, konkrete Beitr\u00e4ge zur Beschleunigung von Verfahren und zum B\u00fcrokratieabbau zu leisten und dabei zu zeigen, dass solche Reformen im Rahmen demokratisch legitimierter Prozesse m\u00f6glich seien. \u201eGerade angesichts der gesellschaftlichen Herausforderungen unserer Zeit ist es entscheidend, die Handlungsf\u00e4higkeit des Staates auch auf kommunaler Ebene zu st\u00e4rken\u201c, so D\u00f6rner. Die Stadt sehe zudem Synergien mit den laufenden Verhandlungen zur Zusatzvereinbarung des Berlin\/Bonn-Gesetzes sowie mit der Bezirksregierung K\u00f6ln, die ebenfalls ihre Mitwirkungsbereitschaft signalisiert habe.<\/p>\n<p class=\"richtext text-em-55 !leading-serif mx-6 desktop:mx-0\">Die Stadtverwaltung Bonn stehe bereit, gemeinsam mit dem Bundesministerium die n\u00e4chsten Schritte zu besprechen, so die OB. Den Vorschlag zur Bewerbung als Modellkommune wolle sie dem Rat zur Beratung und Entscheidung vorlegen, sobald die Bewerbung konkret werde.<\/p>\n<p class=\"richtext text-em-55 !leading-serif mx-6 desktop:mx-0\">Die Initiative war im vorigen Sommer 2024 gegr\u00fcndet worden. Bundespr\u00e4sident Frank\u2011Walter Steinmeier hatte die Schirmherrschaft \u00fcbernommen. Ihr Ziel war es, Deutschland durch konkrete Reformempfehlungen effizienter, digitaler und b\u00fcrgern\u00e4her zu gestalten. Die nun vorliegenden Reformfelder umfassen den F\u00f6deralismus, Digitalisierung, Sicherheit, Soziales, Bildung, Klimaschutz und Gesetzgebungsprozesse. 54 Expertinnen und Experten aus Wissenschaft und Praxis hatten diese Empfehlungen als Antwort auf zunehmende Zweifel an der Leistungsf\u00e4higkeit staatlicher Institutionen formuliert. Um die Umsetzung von Reformen in der Verwaltung m\u00f6glichst z\u00fcgig anzuschieben, haben die Initiatoren die Einrichtung von Modellkommunen und Modellregionen empfohlen, in denen Vorschl\u00e4ge f\u00fcr die Modernisierung der Verwaltung als Ganzes erprobt werden sollen.<\/p>\n<p class=\"richtext text-em-55 !leading-serif mx-6 desktop:mx-0\">Unterst\u00fctzt wurde die Initiative von der Gemeinn\u00fctzigen Hertie-Stiftung, Fritz Thyssen Stiftung, Stiftung Mercator und der Zeit Stiftung Bucerius. Damit wollten die Stiftungen nach eigenen Angaben auf die Bedeutung einer handlungsf\u00e4higen Verwaltung aufmerksam machen und damit auch einen Beitrag zur langfristigen St\u00e4rkung der Demokratie leisten.<\/p>\n","protected":false},"excerpt":{"rendered":"Die Bundesstadt Bonn strebt eine Bewerbung als Modellkommune im Rahmen der Initiative \u201eF\u00fcr einen handlungsf\u00e4higen Staat&#8220; an. Das&hellip;\n","protected":false},"author":2,"featured_media":345695,"comment_status":"","ping_status":"","sticky":false,"template":"","format":"standard","meta":{"footnotes":""},"categories":[1842],"tags":[1741,3364,29,30,1209],"class_list":{"0":"post-345694","1":"post","2":"type-post","3":"status-publish","4":"format-standard","5":"has-post-thumbnail","7":"category-bonn","8":"tag-bonn","9":"tag-de","10":"tag-deutschland","11":"tag-germany","12":"tag-nordrhein-westfalen"},"share_on_mastodon":{"url":"https:\/\/pubeurope.com\/@de\/115030516443932731","error":""},"_links":{"self":[{"href":"https:\/\/www.europesays.com\/de\/wp-json\/wp\/v2\/posts\/345694","targetHints":{"allow":["GET"]}}],"collection":[{"href":"https:\/\/www.europesays.com\/de\/wp-json\/wp\/v2\/posts"}],"about":[{"href":"https:\/\/www.europesays.com\/de\/wp-json\/wp\/v2\/types\/post"}],"author":[{"embeddable":true,"href":"https:\/\/www.europesays.com\/de\/wp-json\/wp\/v2\/users\/2"}],"replies":[{"embeddable":true,"href":"https:\/\/www.europesays.com\/de\/wp-json\/wp\/v2\/comments?post=345694"}],"version-history":[{"count":0,"href":"https:\/\/www.europesays.com\/de\/wp-json\/wp\/v2\/posts\/345694\/revisions"}],"wp:featuredmedia":[{"embeddable":true,"href":"https:\/\/www.europesays.com\/de\/wp-json\/wp\/v2\/media\/345695"}],"wp:attachment":[{"href":"https:\/\/www.europesays.com\/de\/wp-json\/wp\/v2\/media?parent=345694"}],"wp:term":[{"taxonomy":"category","embeddable":true,"href":"https:\/\/www.europesays.com\/de\/wp-json\/wp\/v2\/categories?post=345694"},{"taxonomy":"post_tag","embeddable":true,"href":"https:\/\/www.europesays.com\/de\/wp-json\/wp\/v2\/tags?post=345694"}],"curies":[{"name":"wp","href":"https:\/\/api.w.org\/{rel}","templated":true}]}}