{"id":345870,"date":"2025-08-15T04:39:10","date_gmt":"2025-08-15T04:39:10","guid":{"rendered":"https:\/\/www.europesays.com\/de\/345870\/"},"modified":"2025-08-15T04:39:10","modified_gmt":"2025-08-15T04:39:10","slug":"wegen-toedlicher-badeunfaelle-duesseldorf-und-neuss-fuehren-badeverbot-im-rhein-ein-2","status":"publish","type":"post","link":"https:\/\/www.europesays.com\/de\/345870\/","title":{"rendered":"Wegen t\u00f6dlicher Badeunf\u00e4lle &#8211; D\u00fcsseldorf und Neuss f\u00fchren Badeverbot im Rhein ein"},"content":{"rendered":"<p><a title=\"Link auf: Beide st\u00e4dtischen Verordnungen gelten f\u00fcr das gesamte Flussufer\" target=\"_blank\" href=\"https:\/\/www.duesseldorf.de\/medienportal\/pressedienst-einzelansicht\/pld\/ab-morgen-gilt-badeverbot-im-rhein\" class=\"click-tracking-paragraph\" data-tracking=\"{&quot;name&quot;:&quot;Link in Beitrag&quot;,&quot;chapter1&quot;:&quot;https:\/\/www.duesseldorf.de\/medienportal\/pressedienst-einzelansicht\/pld\/ab-morgen-gilt-badeverbot-im-rhein&quot;,&quot;chapter2&quot;:&quot;Beide st\u00e4dtischen Verordnungen gelten f\u00fcr das gesamte Flussufer&quot;,&quot;chapter3&quot;:&quot;Wegen t\u00f6dlicher Badeunf\u00e4lle - D\u00fcsseldorf und Neuss f\u00fchren Badeverbot im Rhein ein - bis zu 1.000 Euro Bu\u00dfgeld drohen&quot;,&quot;level2&quot;:2}\" rel=\"nofollow noopener\">Beide st\u00e4dtischen Verordnungen gelten f\u00fcr das gesamte Flussufer<\/a>. Verst\u00f6\u00dfe werden mit Bu\u00dfgeld von bis zu 1.000 Euro geahndet. Schon der Aufenthalt in mehr als kn\u00f6cheltiefem Wasser ist nicht mehr gestattet. D\u00fcsseldorfs Oberb\u00fcrgermeister Keller hatte erkl\u00e4rt, ausdr\u00fcckliches Ziel sei es, weitere t\u00f6dliche Badeunf\u00e4lle im Rhein zu verhindern. Mehrere St\u00e4dte pr\u00fcfen vergleichbare Regelungen. Mancherorts am Rhein, <a title=\"Link auf: etwa in Duisburg\" target=\"_blank\" href=\"https:\/\/www.duisburg.de\/wohnenleben\/geografisch\/rhein--badegefahr\/rhein-badegefahr.php\" class=\"click-tracking-paragraph\" data-tracking=\"{&quot;name&quot;:&quot;Link in Beitrag&quot;,&quot;chapter1&quot;:&quot;https:\/\/www.duisburg.de\/wohnenleben\/geografisch\/rhein--badegefahr\/rhein-badegefahr.php&quot;,&quot;chapter2&quot;:&quot;etwa in Duisburg&quot;,&quot;chapter3&quot;:&quot;Wegen t\u00f6dlicher Badeunf\u00e4lle - D\u00fcsseldorf und Neuss f\u00fchren Badeverbot im Rhein ein - bis zu 1.000 Euro Bu\u00dfgeld drohen&quot;,&quot;level2&quot;:2}\" rel=\"nofollow noopener\">etwa in Duisburg<\/a>, gelten bereits aufgrund bundesrechtlicher Regelungen f\u00fcr Wasserstra\u00dfen gro\u00dffl\u00e4chige Badeverbote.<\/p>\n<p>In Fl\u00fcssen gibt es starke und wechselhafte Str\u00f6mungen. Schiffe k\u00f6nnen Strudel oder Unterstr\u00f6mungen mit Sogwirkung erzeugen. Auch erfahrene Schwimmer sind sehr gef\u00e4hrdet. Das Wasser in Fl\u00fcssen ist oft k\u00e4lter als erwartet, es drohen Schocks und Muskelkr\u00e4mpfe. Badeaufsichten fehlen meist.<\/p>\n<p>Diese Nachricht wurde am 15.08.2025 im Programm Deutschlandfunk gesendet.<\/p>\n","protected":false},"excerpt":{"rendered":"Beide st\u00e4dtischen Verordnungen gelten f\u00fcr das gesamte Flussufer. Verst\u00f6\u00dfe werden mit Bu\u00dfgeld von bis zu 1.000 Euro geahndet.&hellip;\n","protected":false},"author":2,"featured_media":341892,"comment_status":"","ping_status":"","sticky":false,"template":"","format":"standard","meta":{"footnotes":""},"categories":[1831],"tags":[3364,29,3405,30,1209],"class_list":{"0":"post-345870","1":"post","2":"type-post","3":"status-publish","4":"format-standard","5":"has-post-thumbnail","7":"category-duesseldorf","8":"tag-de","9":"tag-deutschland","10":"tag-duesseldorf","11":"tag-germany","12":"tag-nordrhein-westfalen"},"share_on_mastodon":{"url":"https:\/\/pubeurope.com\/@de\/115030940973700999","error":""},"_links":{"self":[{"href":"https:\/\/www.europesays.com\/de\/wp-json\/wp\/v2\/posts\/345870","targetHints":{"allow":["GET"]}}],"collection":[{"href":"https:\/\/www.europesays.com\/de\/wp-json\/wp\/v2\/posts"}],"about":[{"href":"https:\/\/www.europesays.com\/de\/wp-json\/wp\/v2\/types\/post"}],"author":[{"embeddable":true,"href":"https:\/\/www.europesays.com\/de\/wp-json\/wp\/v2\/users\/2"}],"replies":[{"embeddable":true,"href":"https:\/\/www.europesays.com\/de\/wp-json\/wp\/v2\/comments?post=345870"}],"version-history":[{"count":0,"href":"https:\/\/www.europesays.com\/de\/wp-json\/wp\/v2\/posts\/345870\/revisions"}],"wp:featuredmedia":[{"embeddable":true,"href":"https:\/\/www.europesays.com\/de\/wp-json\/wp\/v2\/media\/341892"}],"wp:attachment":[{"href":"https:\/\/www.europesays.com\/de\/wp-json\/wp\/v2\/media?parent=345870"}],"wp:term":[{"taxonomy":"category","embeddable":true,"href":"https:\/\/www.europesays.com\/de\/wp-json\/wp\/v2\/categories?post=345870"},{"taxonomy":"post_tag","embeddable":true,"href":"https:\/\/www.europesays.com\/de\/wp-json\/wp\/v2\/tags?post=345870"}],"curies":[{"name":"wp","href":"https:\/\/api.w.org\/{rel}","templated":true}]}}