{"id":345988,"date":"2025-08-15T05:39:19","date_gmt":"2025-08-15T05:39:19","guid":{"rendered":"https:\/\/www.europesays.com\/de\/345988\/"},"modified":"2025-08-15T05:39:19","modified_gmt":"2025-08-15T05:39:19","slug":"deutschland-hatte-bereits-aufnahme-zugesagt","status":"publish","type":"post","link":"https:\/\/www.europesays.com\/de\/345988\/","title":{"rendered":"Deutschland hatte bereits Aufnahme zugesagt"},"content":{"rendered":"<ol class=\"id-DonaldBreadcrumb lp_west_breadcrumb id-DonaldBreadcrumb--default\" data-k5a-pos=\"west_breadcrumb\">\n<li class=\"id-Breadcrumb-item\"><a href=\"https:\/\/www.soester-anzeiger.de\/\" class=\"id-Breadcrumb-link\" data-id-ec=\"{\" shn=\"\" textlink=\"\" anzeiger=\"\" data-k5a-pos=\"1_soesterAnzeiger\" rel=\"nofollow noopener\" target=\"_blank\">Soester Anzeiger<\/a><\/li>\n<li class=\"id-Breadcrumb-item\"><a href=\"https:\/\/www.soester-anzeiger.de\/politik\/\" class=\"id-Breadcrumb-link\" data-id-ec=\"{\" shn=\"\" textlink=\"\" data-k5a-pos=\"2_politik\" rel=\"nofollow noopener\" target=\"_blank\">Politik<\/a><\/li>\n<\/ol>\n<p class=\"id-Story-timestamp id-Story-timestamp--default\">Stand: 15.08.2025, 07:20 Uhr<\/p>\n<p class=\"id-Story-authors id-Story-authors--default\">Von: <a class=\"id-Story-authors-link lp_west_author\" href=\"https:\/\/www.soester-anzeiger.de\/autor\/magnus-hoppe-6t3qv0fpo.html\" title=\"Zur Autorenseite von Magnus Hoppe\" data-id-ec=\"{\" shn=\"\" author-link=\"\" hoppe=\"\" data-k5a-pos=\"west_author\" rel=\"nofollow noopener\" target=\"_blank\">Magnus Hoppe<\/a><\/p>\n<p class=\"id-Story-interactionBar id-Story-interactionBar--default\">DruckenTeilen<\/p>\n<p class=\"id-StoryElement-leadText\">Die Fl\u00fcchtlingssituation in Pakistan verschlimmert sich. Mehrere Afghanen mit Aufnahmezusage aus Deutschland wurden nun verhaftet. \u00dcber 2000 Menschen warten noch auf ein Visum.<\/p>\n<p class=\"id-StoryElement-paragraph\">Bernburg\/Islamabad \u2013 In Pakistan haben die Beh\u00f6rden nach Angaben eines lokalen Polizeisprechers <a href=\"https:\/\/www.soester-anzeiger.de\/politik\/pakistan-nimmt-etwa-280-afghanen-aus-aufnahmeprogrammen-fest-zr-93882662.html\" class=\"id-import-Link\" data-id-ec=\"{&quot;sht&quot;:&quot;Container&quot;,&quot;shn&quot;:&quot;Story&quot;,&quot;p&quot;:{&quot;containerType&quot;:&quot;Paragraph&quot;,&quot;displayType&quot;:&quot;Paragraph InlineLink&quot;,&quot;type&quot;:&quot;INLINE_LINK&quot;,&quot;value&quot;:&quot;mindestens 20 Afghanen festgenommen&quot;,&quot;variant&quot;:&quot;standardLink&quot;,&quot;sponsored&quot;:false,&quot;linkHref&quot;:&quot;https:\/\/www.soester-anzeiger.de\/politik\/pakistan-nimmt-etwa-280-afghanen-aus-aufnahmeprogrammen-fest-zr-93882662.html&quot;,&quot;storyElementPosition&quot;:8,&quot;storyElementCount&quot;:23}}\" rel=\"nofollow noopener\" target=\"_blank\">mindestens 20 Afghanen festgenommen<\/a>. Die Verhafteten hatten offenbar bereits eine Aufnahmezusage aus Deutschland, wurden jetzt jedoch in Abschiebezentren in der pakistanischen Hauptstadt Islamabad gebracht, so der Polizeisprecher. \u201eWir haben jetzt in Erfahrung gebracht, dass auch Afghanen betroffen sind, die sich bei uns in einem Programm befinden\u201c, best\u00e4tigte Bundesinnenminister Alexander Dobrindt am Donnerstag (14. August).<\/p>\n<p>Mindestens 20 Afghanen festgenommen: Pakistanische Beh\u00f6rden seien \u00fcber Aufnahmezusage informiert<\/p>\n<p class=\"id-StoryElement-paragraph\">Mittlerweile seien auch die pakistanischen Beh\u00f6rden dar\u00fcber informiert worden. Dobrindt erkl\u00e4rte am Rande seiner Sommerreise durch Sachsen-Anhalt, dass Pakistan schon seit l\u00e4ngerer Zeit bestrebt w\u00e4re, Afghanen in ihr Herkunftsland abzuschieben. Aus Sorge vor drohenden Abschiebungen und <a href=\"https:\/\/www.soester-anzeiger.de\/politik\/ausweisungen-eine-million-afghanen-verlassen-pakistan-zr-93689154.html\" class=\"id-import-Link\" data-id-ec=\"{&quot;sht&quot;:&quot;Container&quot;,&quot;shn&quot;:&quot;Story&quot;,&quot;p&quot;:{&quot;containerType&quot;:&quot;Paragraph&quot;,&quot;displayType&quot;:&quot;Paragraph InlineLink&quot;,&quot;type&quot;:&quot;INLINE_LINK&quot;,&quot;value&quot;:&quot;Abweisungen haben bereits eine Million gefl&#xFC;chtete Afghanen Pakistan wieder in Richtung Heimat verlassen&quot;,&quot;variant&quot;:&quot;standardLink&quot;,&quot;sponsored&quot;:false,&quot;linkHref&quot;:&quot;https:\/\/www.soester-anzeiger.de\/politik\/ausweisungen-eine-million-afghanen-verlassen-pakistan-zr-93689154.html&quot;,&quot;storyElementPosition&quot;:11,&quot;storyElementCount&quot;:23}}\" rel=\"nofollow noopener\" target=\"_blank\">Abweisungen haben bereits eine Million gefl\u00fcchtete Afghanen Pakistan wieder in Richtung Heimat verlassen<\/a>.<\/p>\n<p>Verb\u00fcndete, Feinde und Alternativen zum Mullah-Regime im Iran<img decoding=\"async\" class=\"id-RatioPlaceholder-element wv_story_el_interstitialImage\" src=\"https:\/\/www.europesays.com\/de\/wp-content\/uploads\/2025\/08\/38698233-elahe-tavakolian-auf-einer-demonstration-gegen-das-mullah-regime-im-iran-1Ufe.jpg\" loading=\"lazy\"   height=\"2668\" width=\"4000\" alt=\"Elahe Tavakolian auf einer Demonstration gegen das Mullah Regime im Iran\"\/><a href=\"https:\/\/www.soester-anzeiger.de\/politik\/konfliktherd-iran-israel-die-wichtigsten-personen-des-regimes-und-der-opposition-zr-93802150.html\" class=\"id-StoryElement-intestitialLink-link\" data-id-ec=\"{\" shn=\"\" ansehen=\"\" data-k5a-pos=\"west_story_12_photoGalleryLink\" title=\"Zur Fotostrecke: Verb&#xFC;ndete, Feinde und Alternativen zum Mullah-Regime im Iran\" rel=\"nofollow noopener\" target=\"_blank\">Fotostrecke ansehen<\/a><\/p>\n<p class=\"id-StoryElement-paragraph\">Die Massenabschiebungen in Pakistan sollten sich jedoch nicht gegen Personen richten, die bereits eine Aufnahmezusage aus Deutschland haben. Trotzdem geschieht dies offenbar immer wieder. Reporter ohne Grenzen teilte mit, dass die pakistanische Polizei schon am Mittwoch (13. August) einen Journalisten und seine Familie mit einer Aufnahmezusage in ein Abschiebelager gebracht habe. Von der Bundesregierung forderte die Organisation, dass diese sich f\u00fcr eine Freilassung einsetzt.<\/p>\n<p>Afghanen mit Aufnahmezusage aus Deutschland festgenommen: Dobrindt bezieht Stellung<\/p>\n<p class=\"id-StoryElement-paragraph\">Der <a href=\"https:\/\/www.merkur.de\/politik\/csu-org26650\/\" class=\"id-import-Link id-pageApi-Link--externalDomain\" title=\"CSU\" data-id-ec=\"{&quot;sht&quot;:&quot;Container&quot;,&quot;shn&quot;:&quot;Story&quot;,&quot;p&quot;:{&quot;containerType&quot;:&quot;Paragraph&quot;,&quot;displayType&quot;:&quot;Paragraph InlineLink&quot;,&quot;type&quot;:&quot;INLINE_LINK&quot;,&quot;value&quot;:&quot;CSU&quot;,&quot;variant&quot;:&quot;standardLink&quot;,&quot;sponsored&quot;:false,&quot;linkHref&quot;:&quot;https:\/\/www.merkur.de\/politik\/csu-org26650\/&quot;,&quot;storyElementPosition&quot;:16,&quot;storyElementCount&quot;:23}}\" rel=\"nofollow noopener\" target=\"_blank\">CSU<\/a>-Politiker Dobrindt antwortete auf die Frage, ob bereits nach Afghanistan abgeschobenen Personen nun zur\u00fcckgeholt w\u00fcrden, dass \u00fcber die Deutsche Gesellschaft f\u00fcr Internationale Zusammenarbeit (GIZ) ein Kontakt zu diesen Menschen bestehe. Sie w\u00fcrden auch Unterst\u00fctzung erhalten. In jedem Einzelfall werde gepr\u00fcft, ob eine rechtsverbindliche Verpflichtung zur Aufnahme bestehe. Auch eine Sicherheits\u00fcberpr\u00fcfung der Personen sei vorgesehen.<\/p>\n<p>Warum gibt es das Bundesaufnahmeprogramm f\u00fcr Afghanistan?<\/p>\n<p class=\"id-StoryElement-factBox-paragraph\">Das Bundesaufnahmeprogramm f\u00fcr Afghanistan hilft Menschen, die wegen ihres Einsatzes f\u00fcr Demokratie und Menschenrechte verfolgt werden. Auch Journalisten, Wissenschaftler oder Betroffene von Gewalt wegen Geschlecht, Religion oder sexueller Orientierung k\u00f6nnen aufgenommen werden. Ziel ist der Schutz vor Verfolgung durch das Taliban-Regime.<\/p>\n<p class=\"id-StoryElement-factBox-paragraph\">NGOs schlagen gef\u00e4hrdete Personen vor, ein Punktesystem entscheidet \u00fcber die Aufnahme. Die Betroffenen erhalten Hilfe bei der Ausreise und eine Aufnahmezusage f\u00fcr Deutschland. Familienangeh\u00f6rige k\u00f6nnen mitkommen. Das Programm sollte bis September 2025 laufen, wurde aber Anfang Mai von der Bundesregierung aus CDU und SPD vorzeitig gestoppt.<\/p>\n<p class=\"id-StoryElement-factBox-paragraph\">Quellen: Bundesinnenministerium und Ausw\u00e4rtiges Amt<\/p>\n<p class=\"id-StoryElement-paragraph\">Aktuell sitzen nach Angaben des Ausw\u00e4rtigen Amtes vom 20. Juni etwa 2400 Afghaninnen und Afghanen in Pakistan fest und warten auf ein Visum. Darunter seien rund 350 ehemalige Ortskr\u00e4fte deutscher Institutionen. Seit die deutsche Botschaft in Kabul nach der Macht\u00fcbernahme der Taliban im August 2021 geschlossen wurde, findet das Pr\u00fcfverfahren f\u00fcr Betroffene in Pakistan statt. Bis es jedoch zu einem Termin mit den Sicherheitsbeh\u00f6rden kommt, vergehen h\u00e4ufig mehrere Monate. <\/p>\n<p><img decoding=\"async\" class=\"id-RatioPlaceholder-element wv_story_el_image\" src=\"https:\/\/www.europesays.com\/de\/wp-content\/uploads\/2025\/08\/39323007-ein-polizist-spricht-mit-binnenvertriebenen-die-nach-einer-gezielten-operation-der-sicherhe.jpeg\" loading=\"lazy\"   height=\"619\" width=\"1100\" alt=\"Ein Polizist spricht mit Binnenvertriebenen, die nach einer gezielten Operation der Sicherheitskr&#xE4;fte gegen Militante aus ihren H&#xE4;usern geflohen sind, in einem Lager, das an der Grenze zu Afghanistan eingerichtet wurde.\"\/>In pakistanischen Fl\u00fcchtlingslagern warten Tausende Afghanen auf ein Visum. \u00a9\u00a0Qyass Khan\/AP\/dpaMassenabschiebungen in Pakistan: Hilfsorganisationen kritisieren Bundesregierung<\/p>\n<p class=\"id-StoryElement-paragraph\">Hilfsorganisationen wie Kabul Luftbr\u00fccke kritisieren die derzeitigen Zust\u00e4nde. Pakistanische Polizisten w\u00fcrden teilweise mit Gewalt gegen Gefl\u00fcchtete aus Afghanistan vorgehen und Familien trennen. \u201eDie Deutsche Botschaft Islamabad kann die Betroffenen offenkundig nicht effektiv sch\u00fctzen\u201c, teilte die Organisation mit. Kabul Luftbr\u00fccke forderte, dass den Betroffenen umgehend Visa ausgestellt werden. (mit dpa)<\/p>\n","protected":false},"excerpt":{"rendered":"Soester Anzeiger Politik Stand: 15.08.2025, 07:20 Uhr Von: Magnus Hoppe DruckenTeilen Die Fl\u00fcchtlingssituation in Pakistan verschlimmert sich. Mehrere&hellip;\n","protected":false},"author":2,"featured_media":345989,"comment_status":"","ping_status":"","sticky":false,"template":"","format":"standard","meta":{"footnotes":""},"categories":[2],"tags":[331,3924,332,3922,3364,29,30,13,14,3923,15,3921,12],"class_list":{"0":"post-345988","1":"post","2":"type-post","3":"status-publish","4":"format-standard","5":"has-post-thumbnail","7":"category-deutschland","8":"tag-aktuelle-nachrichten","9":"tag-aktuelle-nachrichten-aus-deutschland","10":"tag-aktuelle-news","11":"tag-aktuelle-news-aus-deutschland","12":"tag-de","13":"tag-deutschland","14":"tag-germany","15":"tag-headlines","16":"tag-nachrichten","17":"tag-nachrichten-aus-deutschland","18":"tag-news","19":"tag-news-aus-deutschland","20":"tag-schlagzeilen"},"share_on_mastodon":{"url":"https:\/\/pubeurope.com\/@de\/115031177209822080","error":""},"_links":{"self":[{"href":"https:\/\/www.europesays.com\/de\/wp-json\/wp\/v2\/posts\/345988","targetHints":{"allow":["GET"]}}],"collection":[{"href":"https:\/\/www.europesays.com\/de\/wp-json\/wp\/v2\/posts"}],"about":[{"href":"https:\/\/www.europesays.com\/de\/wp-json\/wp\/v2\/types\/post"}],"author":[{"embeddable":true,"href":"https:\/\/www.europesays.com\/de\/wp-json\/wp\/v2\/users\/2"}],"replies":[{"embeddable":true,"href":"https:\/\/www.europesays.com\/de\/wp-json\/wp\/v2\/comments?post=345988"}],"version-history":[{"count":0,"href":"https:\/\/www.europesays.com\/de\/wp-json\/wp\/v2\/posts\/345988\/revisions"}],"wp:featuredmedia":[{"embeddable":true,"href":"https:\/\/www.europesays.com\/de\/wp-json\/wp\/v2\/media\/345989"}],"wp:attachment":[{"href":"https:\/\/www.europesays.com\/de\/wp-json\/wp\/v2\/media?parent=345988"}],"wp:term":[{"taxonomy":"category","embeddable":true,"href":"https:\/\/www.europesays.com\/de\/wp-json\/wp\/v2\/categories?post=345988"},{"taxonomy":"post_tag","embeddable":true,"href":"https:\/\/www.europesays.com\/de\/wp-json\/wp\/v2\/tags?post=345988"}],"curies":[{"name":"wp","href":"https:\/\/api.w.org\/{rel}","templated":true}]}}