{"id":346082,"date":"2025-08-15T06:31:18","date_gmt":"2025-08-15T06:31:18","guid":{"rendered":"https:\/\/www.europesays.com\/de\/346082\/"},"modified":"2025-08-15T06:31:18","modified_gmt":"2025-08-15T06:31:18","slug":"hitze-in-europa-meteorologen-rechnen-erneut-mit-temperaturen-bis-37-grad","status":"publish","type":"post","link":"https:\/\/www.europesays.com\/de\/346082\/","title":{"rendered":"Hitze in Europa: Meteorologen rechnen erneut mit Temperaturen bis 37 Grad"},"content":{"rendered":"<p class=\"paragraph article__item\">Vor dem Wochenende wird es laut Deutschem Wetterdienst (DWD) noch einmal richtig hei\u00df: Die Meteorologen rechnen mit H\u00f6chstwerten von 31 bis 37 Grad, im Norden und Nordwesten sollen es 25 bis 31 Grad werden. Ab dem Mittag wird dann mit &#8222;einzelnen, teils aber kr\u00e4ftigen Gewittern mit Starkregen, Hagel und Sturmb\u00f6en&#8220; gerechnet \u2013 besonders im S\u00fcden und in der Mitte Deutschlands.\n<\/p>\n<p class=\"paragraph article__item\">Etwas Abk\u00fchlung ist dann zum Wochenende in Sicht. Am Freitag gelangen zwar laut DWD noch &#8222;hei\u00dfe bis sehr hei\u00dfe und feuchte Luftmassen in den gr\u00f6\u00dften Teil Deutschlands&#8220;. Zum Wochenende breite sich dann aber von Nordwesten weniger hei\u00dfe Luft aus.\u00a0\n<\/p>\n<p class=\"paragraph article__item\">Im S\u00fcden Europas wird indes weiter mit gro\u00dfer <a class=\"rtr-entity\" href=\"https:\/\/www.zeit.de\/thema\/hitze\" target=\"_blank\" rel=\"noopener\">Hitze<\/a> gerechnet.\u00a0Seit Dienstag herrscht in <a href=\"https:\/\/www.zeit.de\/gesellschaft\/2025-08\/waldbrand-spanien-madrid-tres-cantos\" class=\"\" target=\"_blank\" rel=\"noopener\">Spanien eine Hitzewelle<\/a> mit Temperaturen bis zu 44 Grad Celsius.\u00a0Durch die Hitze und verheerende\u00a0<a class=\"rtr-entity\" href=\"https:\/\/www.zeit.de\/thema\/waldbrand\" target=\"_blank\" rel=\"noopener\">Waldbr\u00e4nde<\/a>\u00a0sind bereits mehrere Menschen gestorben. Bei einem Brand nahe der spanischen Hauptstadt Madrid wurde ein Mensch get\u00f6tet, ein freiwilliger Helfer starb bei der Bek\u00e4mpfung eines Waldbrandes in der Region Le\u00f3n; auch in Montenegro starb ein Soldat.\n<\/p>\n<p>        Sonnensegel und Frischluftschneisen        <\/p>\n<p class=\"paragraph article__item\">Deutsche Wohlfahrtsverb\u00e4nde haben angesichts der Hitze auf die besondere Gef\u00e4hrdung obdachloser Menschen hingewiesen. &#8222;Obdachlosen Menschen mangelt es an gesch\u00fctzten R\u00fcckzugsr\u00e4umen sowie Zugang zu Trinkwasser&#8220;, sagte die Pr\u00e4sidentin des Deutschen Roten Kreuzes, Gerda Hasselfeldt, dem RedaktionsNetzwerk Deutschland\u00a0(RND). Bessere Hitzeschutzma\u00dfnahmen w\u00fcrden &#8222;an vielen Stellen auch der gesamten Bev\u00f6lkerung zugutekommen&#8220;. N\u00f6tig seien &#8222;ausreichend Trinkwasserstellen und schattige Pl\u00e4tze an gut zug\u00e4nglichen Orten&#8220;. Erstrebenswert w\u00e4ren zudem &#8222;ausreichende und hitzeresistente Notunterk\u00fcnfte f\u00fcr obdachlose Menschen&#8220;.\n<\/p>\n<p>            Hitze        <\/p>\n<p>Mehr zum Thema<\/p>\n<p>                <a href=\"https:\/\/www.zeit.de\/wissen\/2025-08\/temperatur-in-staedten-europa-wetter-vergleich\" data-ct-label=\"Temperatur in St\u00e4dten: So au\u00dfergew\u00f6hnlich ist das Sommerwetter in Ihrer Stadt\" target=\"_blank\" rel=\"noopener\"><\/p>\n<p>        Z+ (abopflichtiger Inhalt);<\/p>\n<p>    Temperatur in St\u00e4dten:<br \/>\n                        So au\u00dfergew\u00f6hnlich ist das Sommerwetter in Ihrer Stadt<\/p>\n<p>                <\/a><\/p>\n<p class=\"paragraph article__item\">Die Pr\u00e4sidentin des Deutschen Caritasverbandes, Eva Welskop-Deffaa, wies gegen\u00fcber dem RND auch auf die n\u00f6tige gesellschaftliche Empathie hin: &#8222;In der prallen Hitze sehen wir im Crack-Koma auf der Stra\u00dfe liegende Menschen, die nicht nur der Sonne, sondern auch Gewalt schutzlos ausgeliefert sind. Wir m\u00fcssen alles tun, um zu verhindern, dass auch in Deutschland Forderungen nach Vertreibung obdachloser, verzweifelter Menschen aus dem Stadtgebiet laut werden, wie sie in den USA gerade pr\u00e4sidiale Unterst\u00fctzung finden.&#8220; <a href=\"https:\/\/www.zeit.de\/politik\/ausland\/2025-08\/donald-trump-washington-dc-nationalgarde-kontrolle\" class=\"\" target=\"_blank\" rel=\"noopener\">US-Pr\u00e4sident Donald Trump hatte vor drei Tagen angek\u00fcndigt<\/a>, er wolle die Hauptstadt Washington, D. C. mithilfe der Nationalgarde von Obdachlosen befreien.\u00a0\n<\/p>\n<p class=\"paragraph article__item\">Der Hauptgesch\u00e4ftsf\u00fchrer des Deutschen St\u00e4dtetages, Christian Schuchardt, hoffte im Gespr\u00e4ch mit dem RND, dass der Nationale Aktionsplan Wohnungslosigkeit das Thema Hitze st\u00e4rker in den Blick nehme. Auch Bund und L\u00e4nder k\u00f6nnten konkrete Ma\u00dfnahmen verabreden. Das d\u00fcrfe &#8222;nicht nur an den Kommunen h\u00e4ngenbleiben&#8220;. St\u00e4dte achteten bereits auf Trinkwasserbrunnen, Schatten spendende B\u00e4ume, Frischluftschneisen und begr\u00fcnte Fassaden und D\u00e4cher, damit sich die Orte weniger aufheizen. Zudem gebe es an manchen Orten konkrete Hilfe f\u00fcr Obdachlose bei Hitze, etwa Wasser, Sonnencreme und Sonnensegel.\u00a0\n<\/p>\n<p>                            \u00a9\u00a0ZEIT ONLINE<\/p>\n<p>\n                                        Newsletter<br \/>\n                                        ZEIT Geldkurs<\/p>\n<p class=\"newsletter-signup__text\">Tsch\u00fcss, Finanzchaos: In acht Wochen erkl\u00e4ren wir Schritt f\u00fcr Schritt, wie Sie bessere Geldroutinen aufbauen und das mit den ETFs endlich angehen. Anschlie\u00dfend erhalten Sie unseren Geld-Newsletter mit den besten Artikeln rund um Finanzen.<\/p>\n<p class=\"newsletter-signup__datapolicy\" hidden=\"\">\n            Mit Ihrer Registrierung nehmen Sie die <a href=\"https:\/\/datenschutz.zeit.de\/zon#Newsletter\" target=\"_blank\" rel=\"noopener\">Datenschutzerkl\u00e4rung<\/a> zur Kenntnis.\n        <\/p>\n<p>    Vielen Dank! Wir haben Ihnen eine E-Mail geschickt.<\/p>\n<p>Pr\u00fcfen Sie Ihr Postfach und best\u00e4tigen Sie das Newsletter-Abonnement.<\/p>\n<p class=\"paragraph article__item\">Auf einem der zentralen Pl\u00e4tze der Stadt Koblenz steht in diesem Sommer ein Forschungspavillon. Dessen Dach kann per Knopfdruck ausgefahren werden und dann Schatten spenden.<\/p>\n","protected":false},"excerpt":{"rendered":"Vor dem Wochenende wird es laut Deutschem Wetterdienst (DWD) noch einmal richtig hei\u00df: Die Meteorologen rechnen mit H\u00f6chstwerten&hellip;\n","protected":false},"author":2,"featured_media":346083,"comment_status":"","ping_status":"","sticky":false,"template":"","format":"standard","meta":{"footnotes":""},"categories":[5],"tags":[96598,663,13,11607,73956,18113,14,15,12,4026,16051,72519,6848,10,8,9,11,591],"class_list":{"0":"post-346082","1":"post","2":"type-post","3":"status-publish","4":"format-standard","5":"has-post-thumbnail","7":"category-nachrichten","8":"tag-empathie","9":"tag-europa","10":"tag-headlines","11":"tag-hitze","12":"tag-hitze-in-europa","13":"tag-hitzewelle","14":"tag-nachrichten","15":"tag-news","16":"tag-schlagzeilen","17":"tag-spanien","18":"tag-starkregen","19":"tag-suedeuropa","20":"tag-temperatur","21":"tag-top-news","22":"tag-top-meldungen","23":"tag-topmeldungen","24":"tag-topnews","25":"tag-wissen"},"share_on_mastodon":{"url":"https:\/\/pubeurope.com\/@de\/115031381381850716","error":""},"_links":{"self":[{"href":"https:\/\/www.europesays.com\/de\/wp-json\/wp\/v2\/posts\/346082","targetHints":{"allow":["GET"]}}],"collection":[{"href":"https:\/\/www.europesays.com\/de\/wp-json\/wp\/v2\/posts"}],"about":[{"href":"https:\/\/www.europesays.com\/de\/wp-json\/wp\/v2\/types\/post"}],"author":[{"embeddable":true,"href":"https:\/\/www.europesays.com\/de\/wp-json\/wp\/v2\/users\/2"}],"replies":[{"embeddable":true,"href":"https:\/\/www.europesays.com\/de\/wp-json\/wp\/v2\/comments?post=346082"}],"version-history":[{"count":0,"href":"https:\/\/www.europesays.com\/de\/wp-json\/wp\/v2\/posts\/346082\/revisions"}],"wp:featuredmedia":[{"embeddable":true,"href":"https:\/\/www.europesays.com\/de\/wp-json\/wp\/v2\/media\/346083"}],"wp:attachment":[{"href":"https:\/\/www.europesays.com\/de\/wp-json\/wp\/v2\/media?parent=346082"}],"wp:term":[{"taxonomy":"category","embeddable":true,"href":"https:\/\/www.europesays.com\/de\/wp-json\/wp\/v2\/categories?post=346082"},{"taxonomy":"post_tag","embeddable":true,"href":"https:\/\/www.europesays.com\/de\/wp-json\/wp\/v2\/tags?post=346082"}],"curies":[{"name":"wp","href":"https:\/\/api.w.org\/{rel}","templated":true}]}}