{"id":346119,"date":"2025-08-15T06:51:16","date_gmt":"2025-08-15T06:51:16","guid":{"rendered":"https:\/\/www.europesays.com\/de\/346119\/"},"modified":"2025-08-15T06:51:16","modified_gmt":"2025-08-15T06:51:16","slug":"sperrung-der-a42-das-muesst-ihr-in-bochum-wissen","status":"publish","type":"post","link":"https:\/\/www.europesays.com\/de\/346119\/","title":{"rendered":"Sperrung der A42: Das m\u00fcsst ihr in Bochum wissen"},"content":{"rendered":"<p class=\"small date article__date\">Ver\u00f6ffentlicht:\u00a0Freitag, 15.08.2025 06:20<\/p>\n<p>Zwischen Freitag (15.8.) und Montag (18.8.) ist die A42 in Herne voll gesperrt. Auch viele Bochumerinnen und Bochumer nutzen die Autobahn. <\/p>\n<p><img decoding=\"async\" alt=\"\" src=\"https:\/\/www.europesays.com\/de\/wp-content\/uploads\/2025\/08\/_dsc5644.jpg&#038;crop=0x89x4405x2753&#038;resize=1280x799&#038;dt=202508150618120.jpeg\" data-size=\"1280x799\"\/>\u00a9 Rainer Raffalski \/ FUNKE Foto ServicesUmleitungen ausgeschildert<\/p>\n<p>Die A42 wird an diesem Wochenende im Kreuz Herne voll gesperrt. Grund daf\u00fcr ist der Umbau der Verkehrsf\u00fchrung f\u00fcr den neuen Tunnel Baukau. Die Sperrung beginnt am Freitag (15.8.) um 21 Uhr und endet am Montag (18.8.) um 5 Uhr. Betroffen ist der Abschnitt zwischen Herne-Crange und Herne-Baukau in beide Fahrtrichtungen. Der Verkehr Richtung Duisburg wird \u00fcber die A2 umgeleitet, der Verkehr Richtung Dortmund \u00fcber die A2, A40 und die A45.<\/p>\n<p>Arbeiten am Tunnel Baukau<\/p>\n<p>Die Arbeiten sind notwendig, um den Tunnel Baukau an die A42 anzuschlie\u00dfen sowie die n\u00f6rdlichen Br\u00fccken im Kreuz Herne abzurei\u00dfen und neu zu bauen. Nach dem Wochenende bleibt die Verbindung von der A43 aus Richtung M\u00fcnster auf die A42 Richtung Duisburg bis Montagmittag (18.8.) gesperrt.<\/p>\n","protected":false},"excerpt":{"rendered":"Ver\u00f6ffentlicht:\u00a0Freitag, 15.08.2025 06:20 Zwischen Freitag (15.8.) und Montag (18.8.) ist die A42 in Herne voll gesperrt. Auch viele&hellip;\n","protected":false},"author":2,"featured_media":346120,"comment_status":"","ping_status":"","sticky":false,"template":"","format":"standard","meta":{"footnotes":""},"categories":[1839],"tags":[25086,25008,5543,2081,7507,3364,29,30,1209,4733,4073,601],"class_list":{"0":"post-346119","1":"post","2":"type-post","3":"status-publish","4":"format-standard","5":"has-post-thumbnail","7":"category-bochum","8":"tag-a42","9":"tag-einschrnkung","10":"tag-autobahn","11":"tag-bauarbeiten","12":"tag-bochum","13":"tag-de","14":"tag-deutschland","15":"tag-germany","16":"tag-nordrhein-westfalen","17":"tag-tunnel","18":"tag-umleitung","19":"tag-verkehr"},"share_on_mastodon":{"url":"https:\/\/pubeurope.com\/@de\/115031460215291420","error":""},"_links":{"self":[{"href":"https:\/\/www.europesays.com\/de\/wp-json\/wp\/v2\/posts\/346119","targetHints":{"allow":["GET"]}}],"collection":[{"href":"https:\/\/www.europesays.com\/de\/wp-json\/wp\/v2\/posts"}],"about":[{"href":"https:\/\/www.europesays.com\/de\/wp-json\/wp\/v2\/types\/post"}],"author":[{"embeddable":true,"href":"https:\/\/www.europesays.com\/de\/wp-json\/wp\/v2\/users\/2"}],"replies":[{"embeddable":true,"href":"https:\/\/www.europesays.com\/de\/wp-json\/wp\/v2\/comments?post=346119"}],"version-history":[{"count":0,"href":"https:\/\/www.europesays.com\/de\/wp-json\/wp\/v2\/posts\/346119\/revisions"}],"wp:featuredmedia":[{"embeddable":true,"href":"https:\/\/www.europesays.com\/de\/wp-json\/wp\/v2\/media\/346120"}],"wp:attachment":[{"href":"https:\/\/www.europesays.com\/de\/wp-json\/wp\/v2\/media?parent=346119"}],"wp:term":[{"taxonomy":"category","embeddable":true,"href":"https:\/\/www.europesays.com\/de\/wp-json\/wp\/v2\/categories?post=346119"},{"taxonomy":"post_tag","embeddable":true,"href":"https:\/\/www.europesays.com\/de\/wp-json\/wp\/v2\/tags?post=346119"}],"curies":[{"name":"wp","href":"https:\/\/api.w.org\/{rel}","templated":true}]}}