{"id":346214,"date":"2025-08-15T07:43:11","date_gmt":"2025-08-15T07:43:11","guid":{"rendered":"https:\/\/www.europesays.com\/de\/346214\/"},"modified":"2025-08-15T07:43:11","modified_gmt":"2025-08-15T07:43:11","slug":"prequel-film-ohne-sylvester-stallone-nimmt-gestalt-an","status":"publish","type":"post","link":"https:\/\/www.europesays.com\/de\/346214\/","title":{"rendered":"Prequel-Film ohne Sylvester Stallone nimmt Gestalt an"},"content":{"rendered":"<p><a href=\"https:\/\/stadt-bremerhaven.de\/wp-content\/uploads\/2025\/08\/Rambo.jpg\" rel=\"nofollow noopener\" target=\"_blank\"><img fetchpriority=\"high\" decoding=\"async\" class=\"alignnone size-medium wp-image-1295060\" src=\"https:\/\/www.europesays.com\/de\/wp-content\/uploads\/2025\/08\/Rambo-720x480.jpg\" alt=\"\" width=\"720\" height=\"480\"  \/><\/a><\/p>\n<p>Sylvester Stallone hat in f\u00fcnf Filmen den Vietnamveteranen John Rambo verk\u00f6rpert. Sein Bekanntheitsgrad ist wohl auch die Hauptursache, dass gef\u00fchlt 80 % der Deutschen \u201eSilvester\u201c mit Y schreiben. Doch der n\u00e4chste \u201eRambo\u201c-Film soll offenbar ohne ihn auskommen. Denn mittlerweile zeichnet es sich ab, dass ein Prequel mit dem Arbeitstitel \u201eRambo: Origins\u201c in Produktion gehen soll.<\/p>\n<p>Die Rechte daran h\u00e4lt Millennium Media, welche mit Noah Centineo nun den Hauptdarsteller gefunden haben sollen (via <a target=\"_blank\" href=\"https:\/\/deadline.com\/2025\/08\/rambo-prequel-movie-noah-centineo-1236483104\/\" rel=\"nofollow noopener\">Deadline<\/a>). Der Schauspieler ist bisher vor allem f\u00fcr kleinere Rollen, etwa als Atom Smasher im Film \u201eBlack Adam\u201c, bekannt. Die Regie soll Jalmari Helander f\u00fchren (\u201eSisu\u201c). Offenbar sieht der aktuelle Plan vor, dass die Dreharbeiten 2026 in Thailand begonnen sollen. Den Vertrieb k\u00f6nnte sp\u00e4ter in den USA Lionsgate \u00fcbernehmen. Letztere haben in den USA auch schon die beiden vorherigen \u201eRambo\u201c-Filme vertrieben. Bei uns k\u00f6nnte StudiCanal zuschlagen.<\/p>\n<p>Zur Story ist noch wenig bekannt, au\u00dfer, dass es sich eben um eine Geschichte um den jungen John Rambo im Vietnam-Krieg handeln soll. Sylvester Stallone soll von dem Projekt wissen, aber bislang in keinster Weise beteiligt sein.<\/p>\n<p>Tja, ich selbst bin vor allem ein Fan des ersten Films \u201eFirst Blood\u201c, alles, was danach kam, sehe ich eher als optional an. Ob man also weiter auf dem Charakter herumreiten muss? Na ja, wir werden ja sehen, wie das Ergebnis ausf\u00e4llt.<\/p>\n<p class=\"aawp-disclaimer\"><a href=\"https:\/\/stadt-bremerhaven.de\/transparenz\/\" rel=\"nofollow noopener\" target=\"_blank\">Transparenz<\/a>: In diesem Artikel sind Partnerlinks enthalten. Durch einen Klick darauf ge\u00adlan\u00adgt ihr direkt zum Anbieter. Solltet ihr euch dort f\u00fcr einen Kauf entscheiden, erhalten wir ei\u00adne kleine Provision. F\u00fcr euch \u00e4ndert sich am Preis nichts. Partnerlinks haben keinerlei Einfluss auf unsere Berichterstattung.<\/p>\n","protected":false},"excerpt":{"rendered":"Sylvester Stallone hat in f\u00fcnf Filmen den Vietnamveteranen John Rambo verk\u00f6rpert. Sein Bekanntheitsgrad ist wohl auch die Hauptursache,&hellip;\n","protected":false},"author":2,"featured_media":346215,"comment_status":"","ping_status":"","sticky":false,"template":"","format":"standard","meta":{"footnotes":""},"categories":[1771],"tags":[1778,29,214,30,95,1777,215],"class_list":{"0":"post-346214","1":"post","2":"type-post","3":"status-publish","4":"format-standard","5":"has-post-thumbnail","7":"category-kino","8":"tag-cinema","9":"tag-deutschland","10":"tag-entertainment","11":"tag-germany","12":"tag-kino","13":"tag-movie","14":"tag-unterhaltung"},"share_on_mastodon":{"url":"https:\/\/pubeurope.com\/@de\/115031664692111735","error":""},"_links":{"self":[{"href":"https:\/\/www.europesays.com\/de\/wp-json\/wp\/v2\/posts\/346214","targetHints":{"allow":["GET"]}}],"collection":[{"href":"https:\/\/www.europesays.com\/de\/wp-json\/wp\/v2\/posts"}],"about":[{"href":"https:\/\/www.europesays.com\/de\/wp-json\/wp\/v2\/types\/post"}],"author":[{"embeddable":true,"href":"https:\/\/www.europesays.com\/de\/wp-json\/wp\/v2\/users\/2"}],"replies":[{"embeddable":true,"href":"https:\/\/www.europesays.com\/de\/wp-json\/wp\/v2\/comments?post=346214"}],"version-history":[{"count":0,"href":"https:\/\/www.europesays.com\/de\/wp-json\/wp\/v2\/posts\/346214\/revisions"}],"wp:featuredmedia":[{"embeddable":true,"href":"https:\/\/www.europesays.com\/de\/wp-json\/wp\/v2\/media\/346215"}],"wp:attachment":[{"href":"https:\/\/www.europesays.com\/de\/wp-json\/wp\/v2\/media?parent=346214"}],"wp:term":[{"taxonomy":"category","embeddable":true,"href":"https:\/\/www.europesays.com\/de\/wp-json\/wp\/v2\/categories?post=346214"},{"taxonomy":"post_tag","embeddable":true,"href":"https:\/\/www.europesays.com\/de\/wp-json\/wp\/v2\/tags?post=346214"}],"curies":[{"name":"wp","href":"https:\/\/api.w.org\/{rel}","templated":true}]}}