{"id":346425,"date":"2025-08-15T09:39:19","date_gmt":"2025-08-15T09:39:19","guid":{"rendered":"https:\/\/www.europesays.com\/de\/346425\/"},"modified":"2025-08-15T09:39:19","modified_gmt":"2025-08-15T09:39:19","slug":"estland-plant-milliardenbeschaffungen-aus-eu-krediten","status":"publish","type":"post","link":"https:\/\/www.europesays.com\/de\/346425\/","title":{"rendered":"Estland plant Milliardenbeschaffungen aus EU-Krediten"},"content":{"rendered":"<p>                    <a href=\"#\" rel=\"nofollow\" onclick=\"window.print(); return false;\" title=\"Printer Friendly, PDF &amp; Email\"><br \/>\n                    <img loading=\"lazy\" decoding=\"async\" alt=\"Print Friendly, PDF &amp; Email\" class=\"pf-button-img lazyload\" style=\"\" title=\"Estland plant Milliardenbeschaffungen aus EU-Krediten 1\" src=\"https:\/\/www.europesays.com\/de\/wp-content\/uploads\/2025\/04\/1743731657_738_print_button.jpg\" width=\"48\" height=\"48\" data-eio-rwidth=\"48\" data-eio-rheight=\"48\"\/><br \/>\n                    <\/a><\/p>\n<p>Estland will f\u00fcr R\u00fcstungsbeschaffungen bis zu 3,6 Milliarden Euro an Krediten aus dem EU-Programm Security Action for Europe (SAFE) aufnehmen. Nach Angaben des estnischen Finanzministeriums sollen damit Flugabwehr-Lenkwaffen mittlerer und kurzer Reichweite, Artilleriemunition, Sch\u00fctzenpanzer und weitere Ausr\u00fcstung finanziert werden. Insgesamt will der baltische Staat nach einer Entscheidung vom letzten Monat zwischen 2026 und 2029 zehn Milliarden Euro f\u00fcr den Ausbau seiner Verteidigungsf\u00e4higkeiten ausgeben.<\/p>\n<p>Das Programm umfasst im Luftverteidigungsbereich den Erwerb von Flugabwehrsystemen des deutschen Typs IRIS-T SLM mittlerer Reichweite sowie franz\u00f6sischer Mistral und polnischer Piorun f\u00fcr den N\u00e4chstbereich. Auch eine Marktsichtung von Abwehrsystemen gegen ballistische Flugk\u00f6rper soll stattfinden. Zudem will Estland eine neue Flugabwehr-Brigade aufstellen und die Mittel f\u00fcr seine Freiwilligenorganisation zur Territorialverteidigung von 240 auf \u00fcber 314 Millionen Euro erh\u00f6hen, um Infrastruktur und Training zu verbessern. Allein ein Viertel der Investitionen ist f\u00fcr Munitionsbeschaffungen vorgesehen.<\/p>\n<p><strong>Streitkr\u00e4fte Estlands sind klein, aber aufwuchsf\u00e4hig<\/strong><\/p>\n<p>Das estnische Heer umfasst derzeit ein Divisionskommando mit zwei teilaktiven Infanteriebrigaden. Die Luftwaffe besteht aus einem Radar\u00fcberwachungs- und einem Flugabwehrraketen-Geschwader sowie einem weiteren Verband, der vor allem die f\u00fcr das NATO Air Policing genutzte Luftwaffenbasis \u00c4mari, aber auch je zwei tschechische Jettrainer Aero L-39 und leichte Transportflugzeuge des polnischen Typs PZL M28 betreibt. Die Marine verf\u00fcgt \u00fcber eine Minenkampf- und eine Patrouillenabteilung mit je vier Schiffen beziehungsweise Booten sowie je eine landgest\u00fctzte K\u00fcstenverteidigungs- und Kampfunterst\u00fctzungsabteilung. Hinzu kommt die Marineschule.<\/p>\n<p>Zu den teilstreitkraftgemeinsamen Unterst\u00fctzungskr\u00e4ften geh\u00f6ren das Spezialkr\u00e4fte-, das Cyber- und das Unterst\u00fctzungskommando, die Milit\u00e4rpolizei mit Wachbataillon und die Milit\u00e4rakademie mit Offiziers- und Unteroffiziersschule. <a href=\"https:\/\/www.kaitseliit.ee\/\" target=\"_blank\" rel=\"noopener noreferrer nofollow\">Die Territorialverteidigungsorganisation Kaitseliit<\/a> bildet im Kriegsfall einen Verband von Bataillonsgr\u00f6\u00dfe in jedem der vier Verteidigungsbezirke. Der Friedensumfang der Gesamtstreitkr\u00e4fte betr\u00e4gt 7.700 Mann, davon 3.500 Wehrpflichtige mit einer Dienstzeit von acht bis elf Monaten. Knapp 39.000 Reservisten k\u00f6nnten sofort einberufen werden, insgesamt rechnet man mit einem Reservepool von 230.000 M\u00e4nnern und Frauen.<\/p>\n<p>Das EU-Programm SAFE stellt den Mitgliedstaaten Kredite von insgesamt 150 Milliarden Euro zu durch die Gemeinschaftsaufnahme g\u00fcnstigen Zinss\u00e4tzen f\u00fcr bestimmte Felder wie Flug- und Raketenabwehr, Artillerie, Lenkwaffen, Drohnen und Cyber-Kriegf\u00fchrung bereit. <a href=\"https:\/\/soldat-und-technik.de\/2025\/08\/streitkraefte\/44812\/italien-sucht-eu\/\" target=\"_blank\" rel=\"noopener\">Zuletzt war bekannt geworden, dass Italien bis zu 20 Milliarden Euro aus dem Programm aufnehmen k\u00f6nnte<\/a>.<\/p>\n<p><strong>Stefan Axel Boes<\/strong><\/p>\n","protected":false},"excerpt":{"rendered":"Estland will f\u00fcr R\u00fcstungsbeschaffungen bis zu 3,6 Milliarden Euro an Krediten aus dem EU-Programm Security Action for Europe&hellip;\n","protected":false},"author":2,"featured_media":346426,"comment_status":"","ping_status":"","sticky":false,"template":"","format":"standard","meta":{"footnotes":""},"categories":[3933],"tags":[331,332,548,663,158,3934,3935,13,14,15,12],"class_list":{"0":"post-346425","1":"post","2":"type-post","3":"status-publish","4":"format-standard","5":"has-post-thumbnail","7":"category-eu","8":"tag-aktuelle-nachrichten","9":"tag-aktuelle-news","10":"tag-eu","11":"tag-europa","12":"tag-europaeische-union","13":"tag-europe","14":"tag-european-union","15":"tag-headlines","16":"tag-nachrichten","17":"tag-news","18":"tag-schlagzeilen"},"share_on_mastodon":{"url":"https:\/\/pubeurope.com\/@de\/115032120902969216","error":""},"_links":{"self":[{"href":"https:\/\/www.europesays.com\/de\/wp-json\/wp\/v2\/posts\/346425","targetHints":{"allow":["GET"]}}],"collection":[{"href":"https:\/\/www.europesays.com\/de\/wp-json\/wp\/v2\/posts"}],"about":[{"href":"https:\/\/www.europesays.com\/de\/wp-json\/wp\/v2\/types\/post"}],"author":[{"embeddable":true,"href":"https:\/\/www.europesays.com\/de\/wp-json\/wp\/v2\/users\/2"}],"replies":[{"embeddable":true,"href":"https:\/\/www.europesays.com\/de\/wp-json\/wp\/v2\/comments?post=346425"}],"version-history":[{"count":0,"href":"https:\/\/www.europesays.com\/de\/wp-json\/wp\/v2\/posts\/346425\/revisions"}],"wp:featuredmedia":[{"embeddable":true,"href":"https:\/\/www.europesays.com\/de\/wp-json\/wp\/v2\/media\/346426"}],"wp:attachment":[{"href":"https:\/\/www.europesays.com\/de\/wp-json\/wp\/v2\/media?parent=346425"}],"wp:term":[{"taxonomy":"category","embeddable":true,"href":"https:\/\/www.europesays.com\/de\/wp-json\/wp\/v2\/categories?post=346425"},{"taxonomy":"post_tag","embeddable":true,"href":"https:\/\/www.europesays.com\/de\/wp-json\/wp\/v2\/tags?post=346425"}],"curies":[{"name":"wp","href":"https:\/\/api.w.org\/{rel}","templated":true}]}}