{"id":346614,"date":"2025-08-15T11:25:10","date_gmt":"2025-08-15T11:25:10","guid":{"rendered":"https:\/\/www.europesays.com\/de\/346614\/"},"modified":"2025-08-15T11:25:10","modified_gmt":"2025-08-15T11:25:10","slug":"missglueckte-sanierung-in-stuttgart-im-video-kritik-an-saniertem-bolzplatz-am-max-eyth-see","status":"publish","type":"post","link":"https:\/\/www.europesays.com\/de\/346614\/","title":{"rendered":"Missgl\u00fcckte Sanierung in Stuttgart: Im Video: Kritik an saniertem Bolzplatz am Max-Eyth-See"},"content":{"rendered":"<p>\t\t\t\t\t\t\t\t\t\t\t\t\t\t\t\t\t\t\t\t\t\t\t\t\t\t\t\t      \t\t            \t\t             \t\t\t\t   \t\t\t\t\t   <img decoding=\"async\" id=\"article-image\" fetchpriority=\"high\" alt=\"Missgl\u00fcckte Sanierung in Stuttgart: Im Video: Kritik an saniertem Bolzplatz am Max-Eyth-See\" title=\"Missgl\u00fcckte Sanierung in Stuttgart: Im Video: Kritik an saniertem Bolzplatz am Max-Eyth-See\" src=\"https:\/\/www.europesays.com\/de\/wp-content\/uploads\/2025\/08\/media.media.91b2a035-d3ab-4bf3-89b9-557b2a84d149.16x9_700.jpg\" data-linkto=\"https:\/\/www.stuttgarter-nachrichten.de\/javascript:void(0);\"\/>\t\t\t\t\t\t\t\t\t\t\t\t\t\t\t\t\t\t\t\t\t\t\t\tEin aufgeh\u00e4ngtes Plakat verspottet die missgl\u00fcckte Sanierung.\u00a0Foto: David Wirth\t\t\t<\/p>\n<p>Nach einer zweij\u00e4hrigen Sanierung eines Bolzplatzes ist die Entt\u00e4uschung gro\u00df. Der Belag \u2013 einer der Sanierungsgr\u00fcnde \u2013 ist n\u00e4mlich der gleiche wie zuvor. Wie konnte das passieren?<\/p>\n<p>Die <a href=\"https:\/\/www.stuttgarter-nachrichten.de\/thema\/Sanierung\" title=\"Sanierung\" class=\"art_thema\" rel=\"nofollow noopener\" target=\"_blank\">Sanierung<\/a> eines Bolzplatzes in der M\u00fchlh\u00e4user Stra\u00dfe am <a href=\"https:\/\/www.stuttgarter-nachrichten.de\/thema\/Max-Eyth-See\" title=\"Max-Eyth-See\" class=\"art_thema\" rel=\"nofollow noopener\" target=\"_blank\">Max-Eyth-See<\/a> <a href=\"https:\/\/www.stuttgarter-zeitung.de\/inhalt.ungenutzer-bolzplatz-in-muehlhausen-bolzplatzsanierung-in-stuttgart-wird-zur-posse.08835b42-dd5c-4358-b68b-0a720158caf4.html\" target=\"_blank\" rel=\"nofollow noopener\">entwickelt sich zunehmend zum Debakel<\/a>. Mehr als zwei Jahre lang liefen die Erneuerungsarbeiten, das Endergebnis entt\u00e4uscht jedoch viele Anwohner. Der aus Steinen bestehende Boden des Fu\u00dfballplatzes wurde erneuert, jedoch mit dem gleichen scharfen Belag wie davor. <\/p>\n<p>Unser Video zeigt, wie der Platz inzwischen aussieht:<\/p>\n<p>Sowohl Eltern als auch der Bezirksrat kritisierten die Ver\u00e4nderung. Der Kiesbelag sei f\u00fcr Kinder gef\u00e4hrlich und k\u00f6nnte zu Verletzungen f\u00fchren. Eine \u00c4nderung des Belags h\u00e4tte eine baurechtliche und landschaftsschutzrechtliche Genehmigung erfordert. Laut dem stellvertretenden Bezirksbeirat Joachim K\u00f6nig (<a href=\"https:\/\/www.stuttgarter-nachrichten.de\/thema\/CDU\" title=\"CDU\" class=\"art_thema\" rel=\"nofollow noopener\" target=\"_blank\">CDU<\/a>) wird der Fu\u00dfballplatz von Kindern kaum bis gar nicht genutzt. <\/p>\n","protected":false},"excerpt":{"rendered":"Ein aufgeh\u00e4ngtes Plakat verspottet die missgl\u00fcckte Sanierung.\u00a0Foto: David Wirth Nach einer zweij\u00e4hrigen Sanierung eines Bolzplatzes ist die Entt\u00e4uschung&hellip;\n","protected":false},"author":2,"featured_media":346615,"comment_status":"","ping_status":"","sticky":false,"template":"","format":"standard","meta":{"footnotes":""},"categories":[1830],"tags":[1634,31,3364,29,30,14482,4108,1441,5329],"class_list":{"0":"post-346614","1":"post","2":"type-post","3":"status-publish","4":"format-standard","5":"has-post-thumbnail","7":"category-stuttgart","8":"tag-baden-wuerttemberg","9":"tag-cdu","10":"tag-de","11":"tag-deutschland","12":"tag-germany","13":"tag-max-eyth-see","14":"tag-sanierung","15":"tag-stuttgart","16":"tag-video"},"share_on_mastodon":{"url":"https:\/\/pubeurope.com\/@de\/115032537482185167","error":""},"_links":{"self":[{"href":"https:\/\/www.europesays.com\/de\/wp-json\/wp\/v2\/posts\/346614","targetHints":{"allow":["GET"]}}],"collection":[{"href":"https:\/\/www.europesays.com\/de\/wp-json\/wp\/v2\/posts"}],"about":[{"href":"https:\/\/www.europesays.com\/de\/wp-json\/wp\/v2\/types\/post"}],"author":[{"embeddable":true,"href":"https:\/\/www.europesays.com\/de\/wp-json\/wp\/v2\/users\/2"}],"replies":[{"embeddable":true,"href":"https:\/\/www.europesays.com\/de\/wp-json\/wp\/v2\/comments?post=346614"}],"version-history":[{"count":0,"href":"https:\/\/www.europesays.com\/de\/wp-json\/wp\/v2\/posts\/346614\/revisions"}],"wp:featuredmedia":[{"embeddable":true,"href":"https:\/\/www.europesays.com\/de\/wp-json\/wp\/v2\/media\/346615"}],"wp:attachment":[{"href":"https:\/\/www.europesays.com\/de\/wp-json\/wp\/v2\/media?parent=346614"}],"wp:term":[{"taxonomy":"category","embeddable":true,"href":"https:\/\/www.europesays.com\/de\/wp-json\/wp\/v2\/categories?post=346614"},{"taxonomy":"post_tag","embeddable":true,"href":"https:\/\/www.europesays.com\/de\/wp-json\/wp\/v2\/tags?post=346614"}],"curies":[{"name":"wp","href":"https:\/\/api.w.org\/{rel}","templated":true}]}}