{"id":346688,"date":"2025-08-15T12:04:10","date_gmt":"2025-08-15T12:04:10","guid":{"rendered":"https:\/\/www.europesays.com\/de\/346688\/"},"modified":"2025-08-15T12:04:10","modified_gmt":"2025-08-15T12:04:10","slug":"pol-ma-mannheim-mann-wird-ueber-treppengelaender-geworfen-zeugenaufruf","status":"publish","type":"post","link":"https:\/\/www.europesays.com\/de\/346688\/","title":{"rendered":"POL-MA: Mannheim: Mann wird \u00fcber Treppengel\u00e4nder geworfen &#8211; Zeugenaufruf"},"content":{"rendered":"<p class=\"date\">15.08.2025 \u2013 13:49<\/p>\n<p class=\"customer\">\n                        <a class=\"story-customer\" title=\"weiter zum newsroom von Polizeipr\u00e4sidium Mannheim\" href=\"https:\/\/www.presseportal.de\/blaulicht\/nr\/14915\" rel=\"nofollow noopener\" target=\"_blank\">Polizeipr\u00e4sidium Mannheim<\/a>\n                    <\/p>\n<p><a data-category=\"citylink-story-view\" data-action=\"click\" data-label=\"Citylink in Meldungsansicht\" class=\"story-city event-trigger\" href=\"https:\/\/www.presseportal.de\/regional\/Mannheim\" title=\"News aus Mannheim \" rel=\"nofollow noopener\" target=\"_blank\">Mannheim<\/a> (ots)<\/p>\n<p>Aus bislang unbekanntem Grund kam es in der Nacht von Freitag auf Samstag zu einem Angriff auf einen 20-J\u00e4hrigen durch zwei unbekannte M\u00e4nner.<br \/>\nNach derzeitigem Ermittlungsstand ereignete sich um kurz nach Mitternacht eine Verfolgungsjagd auf der Br\u00fcckenstra\u00dfe. Ein 20-j\u00e4hriger Mann floh zu Fu\u00df vor zwei ihn verfolgenden M\u00e4nnern. Im Bereich des Treppenabgangs zur Neckarwiese konnten sie ihn einholen. In der Folge kam es zu einer k\u00f6rperlichen Auseinandersetzung unter den drei M\u00e4nnern, in dessen Verlauf einer der Unbekannten auf den 20-J\u00e4hrigen einschlug. Jener Unbekannte ergriff schlie\u00dflich den 20-J\u00e4hrigen und warf ihn r\u00fccklings \u00fcber das Gel\u00e4nder der Treppe. Danach entfernte sich der Angreifer und sein Begleiter in Richtung Neckarpromenade. Der 20-J\u00e4hrige st\u00fcrzte gut 4 Meter in die Tiefe und kam auf dem asphaltierten Boden auf. Wie schwer er dabei verletzt wurde, in noch unklar. Eine Lebensgefahr bestand nicht. Er kam zur weiteren Behandlung in ein Krankenhaus.<\/p>\n<p>Von den Tatverd\u00e4chtigen liegt bislang nur folgende Beschreibung vor.<br \/>\nEiner der M\u00e4nner trug dunkle Shorts, ein dunkles T-Shirt sowie dunkle Schuhe<br \/>\nSein Begleiter war mit wei\u00dfen Shorts, einem wei\u00dfen T-Shirt und wei\u00dfen Schuhen bekleidet.<\/p>\n<p>Das Polizeirevier Mannheim-Neckarstadt \u00fcbernahm die weiteren Ermittlungen wegen gef\u00e4hrlicher K\u00f6rperverletzung.<br \/>\nPersonen, die sachdienliche Hinweise geben k\u00f6nnen, werden gebeten, sich dort unter der Telefonnummer 0621\/ 3301-0 zu melden.<\/p>\n<p class=\"contact-headline\">R\u00fcckfragen bitte an:<\/p>\n<p class=\"contact-text\">Polizeipr\u00e4sidium Mannheim<br \/>Stabsstelle \u00d6ffentlichkeitsarbeit<br \/>Philipp Kiefner<br \/>Telefon: 0621 174-1111<br \/>E-Mail: <a href=\"https:\/\/www.presseportal.de\/blaulicht\/pm\/14915\/mailto: mannheim.pp.sts.oe@polizei.bwl.de\" class=\"uri-mailto\" rel=\"nofollow noopener\" target=\"_blank\"> mannheim.pp.sts.oe@polizei.bwl.de<\/a><br \/><a target=\"_blank\" class=\"uri-ext outbound\" rel=\"noopener nofollow\" href=\"http:\/\/www.polizei-bw.de\/\">http:\/\/www.polizei-bw.de\/<\/a><\/p>\n<p class=\"originator\">Original-Content von: Polizeipr\u00e4sidium Mannheim, \u00fcbermittelt durch news aktuell<\/p>\n","protected":false},"excerpt":{"rendered":"15.08.2025 \u2013 13:49 Polizeipr\u00e4sidium Mannheim Mannheim (ots) Aus bislang unbekanntem Grund kam es in der Nacht von Freitag&hellip;\n","protected":false},"author":2,"featured_media":320445,"comment_status":"","ping_status":"","sticky":false,"template":"","format":"standard","meta":{"footnotes":""},"categories":[1845],"tags":[1634,6187,3364,29,548,663,3934,30,13,177,2096,14,15,121,178,180,179,181,12],"class_list":{"0":"post-346688","1":"post","2":"type-post","3":"status-publish","4":"format-standard","5":"has-post-thumbnail","7":"category-mannheim","8":"tag-baden-wuerttemberg","9":"tag-bw","10":"tag-de","11":"tag-deutschland","12":"tag-eu","13":"tag-europa","14":"tag-europe","15":"tag-germany","16":"tag-headlines","17":"tag-kriminalitt","18":"tag-mannheim","19":"tag-nachrichten","20":"tag-news","21":"tag-polizei","22":"tag-presse","23":"tag-pressemeldung","24":"tag-pressemitteilung","25":"tag-pressemitteilungen","26":"tag-schlagzeilen"},"share_on_mastodon":{"url":"https:\/\/pubeurope.com\/@de\/115032690788581596","error":""},"_links":{"self":[{"href":"https:\/\/www.europesays.com\/de\/wp-json\/wp\/v2\/posts\/346688","targetHints":{"allow":["GET"]}}],"collection":[{"href":"https:\/\/www.europesays.com\/de\/wp-json\/wp\/v2\/posts"}],"about":[{"href":"https:\/\/www.europesays.com\/de\/wp-json\/wp\/v2\/types\/post"}],"author":[{"embeddable":true,"href":"https:\/\/www.europesays.com\/de\/wp-json\/wp\/v2\/users\/2"}],"replies":[{"embeddable":true,"href":"https:\/\/www.europesays.com\/de\/wp-json\/wp\/v2\/comments?post=346688"}],"version-history":[{"count":0,"href":"https:\/\/www.europesays.com\/de\/wp-json\/wp\/v2\/posts\/346688\/revisions"}],"wp:featuredmedia":[{"embeddable":true,"href":"https:\/\/www.europesays.com\/de\/wp-json\/wp\/v2\/media\/320445"}],"wp:attachment":[{"href":"https:\/\/www.europesays.com\/de\/wp-json\/wp\/v2\/media?parent=346688"}],"wp:term":[{"taxonomy":"category","embeddable":true,"href":"https:\/\/www.europesays.com\/de\/wp-json\/wp\/v2\/categories?post=346688"},{"taxonomy":"post_tag","embeddable":true,"href":"https:\/\/www.europesays.com\/de\/wp-json\/wp\/v2\/tags?post=346688"}],"curies":[{"name":"wp","href":"https:\/\/api.w.org\/{rel}","templated":true}]}}