{"id":346890,"date":"2025-08-15T13:57:10","date_gmt":"2025-08-15T13:57:10","guid":{"rendered":"https:\/\/www.europesays.com\/de\/346890\/"},"modified":"2025-08-15T13:57:10","modified_gmt":"2025-08-15T13:57:10","slug":"unfall-nach-ausweichmanoever-in-essen-21-jaehriger-verletzt","status":"publish","type":"post","link":"https:\/\/www.europesays.com\/de\/346890\/","title":{"rendered":"Unfall nach Ausweichman\u00f6ver in Essen: 21-J\u00e4hriger verletzt"},"content":{"rendered":"<p class=\"font-sans font-medium\">Essen. Nach einem Verkehrsunfall in Essen wird ein fl\u00fcchtiger Fahrer gesucht. Offenbar war er zu schnell und chaotisch unterwegs. Eine Frau soll es gesehen haben.<\/p>\n<p class=\"\">Ein Alfa-Romeo-Fahrer (21) ist bei einem Verkehrsunfall im Essener Ostviertel leicht verletzt worden. Laut Polizei musste er einem Pkw ausweichen und fuhr gegen ein Verkehrszeichen. Der Fahrer des anderen Wagens fl\u00fcchtete.<\/p>\n<p>   Essen-Newsletter: Jetzt kostenlos anmelden!<\/p>\n<p class=\"text-body2 mt-2\">Nachrichten, Service, Reportagen: Jeden Tag wissen, was in unserer Stadt los ist.<\/p>\n<p class=\"text-caption text-copy-secondary\">\n          Mit meiner Anmeldung zum Newsletter stimme ich der<br \/>\n          <a href=\"https:\/\/www.waz.de\/services\/newsletter-adconsent\" class=\"text-overline text-copy-accent-negative dark:underline\" rel=\"nofollow noopener\" target=\"_blank\">Werbevereinbarung<\/a><br \/>\n          zu.\n        <\/p>\n<p class=\"\">Der Unfall passierte am Mittwochmittag (13. August) gegen 13.10 Uhr auf der Gerlingstra\u00dfe. Der 21-j\u00e4hrige Bochumer fuhr mit seinem schwarzen Alfa Romeo in Richtung Sch\u00fctzenbahn, als ein unbekannter Pkw seinen Weg kreuzte. Nach derzeitigem Ermittlungsstand sei der andere Wagen <a href=\"https:\/\/www.waz.de\/lokales\/essen\/article409691343\/schwerer-unfall-in-essen-zwei-schwerverletzte-mann-fluechtet.html\" data-category-full-path=\"https:\/\/www.waz.de\/lokales\/essen\/\" data-paid-status=\"default\" data-article-publish-date=\"1755088774\" rel=\"nofollow noopener\" target=\"_blank\">mit \u00fcberh\u00f6hter Geschwindigkeit<\/a> aus der Waldthausenstra\u00dfe auf die Gerlingstra\u00dfe eingebogen, meldet die Polizei, und verbotswidrig in Richtung Goldschmidtstra\u00dfe gefahren.<\/p>\n<p class=\"\"><strong>Lesen Sie auch:<\/strong><\/p>\n<p>Fahrerflucht nach Verkehrsunfall auf der Essener Gerlingstra\u00dfe<\/p>\n<p class=\"\">Der 21-J\u00e4hrige wich aus, touchierte dabei ein Verkehrszeichen und setzte auf dem Bordstein auf. Der andere Pkw fuhr weiter. Der Alfa-Romeo-Fahrer wurde durch den Aufprall leicht verletzt und in einem Krankenhaus behandelt. Eine unbekannte Zeugin soll den Unfall beobachtet und mit dem 21-J\u00e4hrigen gesprochen haben, sei jedoch aus Zeitgr\u00fcnden weitergefahren.<\/p>\n<p class=\"\"><a href=\"https:\/\/www.waz.de\/lokales\/essen\/blaulicht-in-essen\/\" target=\"_blank\" rel=\"nofollow noopener\">Die Polizei<\/a> bittet die unbekannte Frau und weitere Zeugen, die den Unfallhergang beobachtet haben oder Angaben zu dem fl\u00fcchtigen Fahrzeug machen k\u00f6nnen, sich unter 0201\/829-0 oder per Mail an hinweise.essen@polizei.nrw.dezu melden.<\/p>\n","protected":false},"excerpt":{"rendered":"Essen. Nach einem Verkehrsunfall in Essen wird ein fl\u00fcchtiger Fahrer gesucht. Offenbar war er zu schnell und chaotisch&hellip;\n","protected":false},"author":2,"featured_media":346891,"comment_status":"","ping_status":"","sticky":false,"template":"","format":"standard","meta":{"footnotes":""},"categories":[1834],"tags":[3364,29,3688,30,1209],"class_list":{"0":"post-346890","1":"post","2":"type-post","3":"status-publish","4":"format-standard","5":"has-post-thumbnail","7":"category-essen","8":"tag-de","9":"tag-deutschland","10":"tag-essen","11":"tag-germany","12":"tag-nordrhein-westfalen"},"share_on_mastodon":{"url":"https:\/\/pubeurope.com\/@de\/115033135118045767","error":""},"_links":{"self":[{"href":"https:\/\/www.europesays.com\/de\/wp-json\/wp\/v2\/posts\/346890","targetHints":{"allow":["GET"]}}],"collection":[{"href":"https:\/\/www.europesays.com\/de\/wp-json\/wp\/v2\/posts"}],"about":[{"href":"https:\/\/www.europesays.com\/de\/wp-json\/wp\/v2\/types\/post"}],"author":[{"embeddable":true,"href":"https:\/\/www.europesays.com\/de\/wp-json\/wp\/v2\/users\/2"}],"replies":[{"embeddable":true,"href":"https:\/\/www.europesays.com\/de\/wp-json\/wp\/v2\/comments?post=346890"}],"version-history":[{"count":0,"href":"https:\/\/www.europesays.com\/de\/wp-json\/wp\/v2\/posts\/346890\/revisions"}],"wp:featuredmedia":[{"embeddable":true,"href":"https:\/\/www.europesays.com\/de\/wp-json\/wp\/v2\/media\/346891"}],"wp:attachment":[{"href":"https:\/\/www.europesays.com\/de\/wp-json\/wp\/v2\/media?parent=346890"}],"wp:term":[{"taxonomy":"category","embeddable":true,"href":"https:\/\/www.europesays.com\/de\/wp-json\/wp\/v2\/categories?post=346890"},{"taxonomy":"post_tag","embeddable":true,"href":"https:\/\/www.europesays.com\/de\/wp-json\/wp\/v2\/tags?post=346890"}],"curies":[{"name":"wp","href":"https:\/\/api.w.org\/{rel}","templated":true}]}}