{"id":346968,"date":"2025-08-15T14:38:11","date_gmt":"2025-08-15T14:38:11","guid":{"rendered":"https:\/\/www.europesays.com\/de\/346968\/"},"modified":"2025-08-15T14:38:11","modified_gmt":"2025-08-15T14:38:11","slug":"veranstaltungen-des-tierparks-und-wildgatters-chemnitz-im-september-chemnitz-de","status":"publish","type":"post","link":"https:\/\/www.europesays.com\/de\/346968\/","title":{"rendered":"Veranstaltungen des Tierparks und Wildgatters Chemnitz im September: Chemnitz.de"},"content":{"rendered":"<p><strong>Samstag und Sonntag, 6. und 7. September, 10 bis 17 Uhr\u00a0<\/strong><\/p>\n<p><strong>Wildgatterfest<\/strong><\/p>\n<p>Ort: Wildgatter Chemnitz, Thomas-M\u00fcntzer-H\u00f6he 13<\/p>\n<p>Neben dem Wildgatter selbst, das spannende Einblicke in die Tierwelt bietet, erwartet die Besucher ein buntes und vielf\u00e4ltiges Programm bei dem sich alles um Wald, Wild und Handwerk dreht. An zwei abwechslungsreichen Tagen mit verschiedenen Spiel- und Bastelstationen sowie F\u00fctterungen und die \u201eFrag den Revierleiter\u201c-Sprechstunde kann man eine erlebnisreiche Zeit in der Natur verbringen. Dieses Jahr k\u00f6nnen sich die kleinen G\u00e4ste noch dazu auf eine spannende Ritterpr\u00fcfung freuen. Wenn sie die bestehen, werden sie zum Ritter geschlagen. F\u00fcr das leibliche Wohl ist ebenfalls gesorgt.<br \/>\u00a0<\/p>\n","protected":false},"excerpt":{"rendered":"Samstag und Sonntag, 6. und 7. September, 10 bis 17 Uhr\u00a0 Wildgatterfest Ort: Wildgatter Chemnitz, Thomas-M\u00fcntzer-H\u00f6he 13 Neben&hellip;\n","protected":false},"author":2,"featured_media":40478,"comment_status":"","ping_status":"","sticky":false,"template":"","format":"standard","meta":{"footnotes":""},"categories":[1851],"tags":[2770,3364,29,548,663,3934,30,13,14,15,859,12],"class_list":{"0":"post-346968","1":"post","2":"type-post","3":"status-publish","4":"format-standard","5":"has-post-thumbnail","7":"category-chemnitz","8":"tag-chemnitz","9":"tag-de","10":"tag-deutschland","11":"tag-eu","12":"tag-europa","13":"tag-europe","14":"tag-germany","15":"tag-headlines","16":"tag-nachrichten","17":"tag-news","18":"tag-sachsen","19":"tag-schlagzeilen"},"share_on_mastodon":{"url":"https:\/\/pubeurope.com\/@de\/115033296369918639","error":""},"_links":{"self":[{"href":"https:\/\/www.europesays.com\/de\/wp-json\/wp\/v2\/posts\/346968","targetHints":{"allow":["GET"]}}],"collection":[{"href":"https:\/\/www.europesays.com\/de\/wp-json\/wp\/v2\/posts"}],"about":[{"href":"https:\/\/www.europesays.com\/de\/wp-json\/wp\/v2\/types\/post"}],"author":[{"embeddable":true,"href":"https:\/\/www.europesays.com\/de\/wp-json\/wp\/v2\/users\/2"}],"replies":[{"embeddable":true,"href":"https:\/\/www.europesays.com\/de\/wp-json\/wp\/v2\/comments?post=346968"}],"version-history":[{"count":0,"href":"https:\/\/www.europesays.com\/de\/wp-json\/wp\/v2\/posts\/346968\/revisions"}],"wp:featuredmedia":[{"embeddable":true,"href":"https:\/\/www.europesays.com\/de\/wp-json\/wp\/v2\/media\/40478"}],"wp:attachment":[{"href":"https:\/\/www.europesays.com\/de\/wp-json\/wp\/v2\/media?parent=346968"}],"wp:term":[{"taxonomy":"category","embeddable":true,"href":"https:\/\/www.europesays.com\/de\/wp-json\/wp\/v2\/categories?post=346968"},{"taxonomy":"post_tag","embeddable":true,"href":"https:\/\/www.europesays.com\/de\/wp-json\/wp\/v2\/tags?post=346968"}],"curies":[{"name":"wp","href":"https:\/\/api.w.org\/{rel}","templated":true}]}}