{"id":347711,"date":"2025-08-15T21:30:30","date_gmt":"2025-08-15T21:30:30","guid":{"rendered":"https:\/\/www.europesays.com\/de\/347711\/"},"modified":"2025-08-15T21:30:30","modified_gmt":"2025-08-15T21:30:30","slug":"diese-djs-stehen-beim-sunsetpicknick-den-plattentellern","status":"publish","type":"post","link":"https:\/\/www.europesays.com\/de\/347711\/","title":{"rendered":"Diese DJs stehen beim SunsetPicknick den Plattentellern"},"content":{"rendered":"<p>\t\tSunsetPicknick auf der Halde Hoheward<br \/>\n\t\t\t\t\tDiese DJs stehen bei der Party an den Plattentellern<\/p>\n<p>\t\t<img alt=\"\" src=\"https:\/\/www.europesays.com\/de\/wp-content\/uploads\/2025\/04\/630_0036_1215851_.jpg\"  class=\"avatar avatar-36 photo avatar-default\" height=\"36\" width=\"36\" loading=\"lazy\" decoding=\"async\"\/>\t\t<a class=\"article-author__name\" href=\"https:\/\/www.hertener-allgemeine.de\/author\/andre-przybyl\/\" rel=\"author nofollow noopener\" target=\"_blank\">Andr\u00e9 Przybyl<\/a><br \/>\n\t\tRedakteur<\/p>\n<p>    <a href=\"https:\/\/www.hertener-allgemeine.de\/wp-content\/uploads\/2024\/09\/08\/14\/630_0900_4088889_HAL_Sunset_Picknick_2024_002-1648x824.jpg\" rel=\"nofollow noopener\" target=\"_blank\"><\/p>\n<p>            <img decoding=\"async\" fetchpriority=\"high\" src=\"https:\/\/www.europesays.com\/de\/wp-content\/uploads\/2025\/08\/630_0900_4088888_HAL_Sunset_Picknick_2024_002-640x428.jpg\" width=\"640\" height=\"428\"  alt=\"Zwei DJs stehen beim SunsetPicknick 2024 auf der Halde Hoheward in Herten auf der B\u00fchne.\"\/><\/p>\n<p>    <\/a><br \/>\n    International bekannte DJs legen beim SunsetPicknick ebenso wie lokale Szene-Gr\u00f6\u00dfen auf. \u00a9 Andr\u00e9 Przybyl<\/p>\n<p class=\"article__teaser-text\">Am Samstag (6.9.) steigt auf der Halde Hoheward in Herten das SunsetPicknick. Nun steht fest, wer bei der Riesenparty an den Plattentellern steht.<\/p>\n<p>1 Min Lesezeit<\/p>\n<p>Nicht nur f\u00fcr Fans elektronischer Musik ist das SunsetPicknick auf der Halde Hoheward an der Stadtgrenze von <a target=\"_blank\" href=\"https:\/\/www.hertener-allgemeine.de\/herten\/\" data-imported=\"1\" rel=\"nofollow noopener\">Herten<\/a> und Recklinghausen allj\u00e4hrlich eine feste Gr\u00f6\u00dfe im Veranstaltungskalender. W\u00e4hrend die einen tanzen und feiern, genie\u00dfen die anderen auf einer Picknick-Decke den Panoramablick \u00fcber das Ruhrgebiet. In diesem Jahr steigt die Party unter freiem Himmel am Samstag, 6. September. Nun haben die Ruhr Tourismus GmbH (RTG), Veranstalterin des SunsetPicknicks, und der Projekttr\u00e4ger Regionalverband Ruhr (RVR) bekanntgegeben, welche DJs an den Plattentellern stehen werden.<\/p>\n<p>Mit Klanglos erklimmt ein Produzent und DJ die <a href=\"https:\/\/www.hertener-allgemeine.de\/herten\/rvr-will-auf-halde-hoheward-bauen-radwege-rastplatz-food-truck-und-ein-wc-auf-dem-gipfel-w1040046-8000994591\/\" data-imported=\"1\" title=\"RVR will auf Halde Hoheward bauen: Radwege, Rastplatz, Foodtruck \u2013 und ein WC auf dem Gipfel\" rel=\"nofollow noopener\" target=\"_blank\">Halde Hoheward<\/a>, der international Erfolge feierte. Er hat bereits sowohl auf gro\u00dfen Festivals als auch in Clubs aufgelegt. Ferner steht am 6. September Ante Perry aus Dortmund auf der B\u00fchne, der seit mehr als 20 Jahren auf deutschen und internationalen B\u00fchnen spielt.<\/p>\n<p>\t\t<a href=\"https:\/\/www.hertener-allgemeine.de\/herten\/herten-recklinghausen-sunset-picknick-party-halde-hoheward-fotos-bilder-zeche-ewald-w927899-8000759198\/\" rel=\"nofollow noopener\" aria-hidden=\"true\" tabindex=\"-1\" title=\"So ausgelassen wurde beim Sunset Picknick gefeiert Die besten Bilder von der Riesen-Party\" aria-label=\"So ausgelassen wurde beim Sunset Picknick gefeiert Die besten Bilder von der Riesen-Party\" target=\"_blank\"><\/p>\n<p>                <img decoding=\"async\" src=\"https:\/\/www.europesays.com\/de\/wp-content\/uploads\/2025\/08\/630_0900_4087191_HAL_Sunset_Picknick_2024_003-640x428.jpg\"  width=\"640\" height=\"428\" alt=\"Zwei junge Frauen mit H\u00fcten tanzen beim Sunset Picknick auf der Halde Hoheward.\" loading=\"lazy\"\/><\/p>\n<p>\t\t<\/a><\/p>\n<p>K\u00fcnstler aus der Region kommen ebenfalls zum SunsetPicknick: Palmfaxist ist ein DJ-Duo aus Gelsenkirchen, bestehend aus Feries und Riccardo. Seit 2020 stehen sie gemeinsam hinter den Decks und verbinden House mit Tech-Beats und Elementen aus dem 90er-Hip-Hop. Ebenfalls aus Gelsenkirchen kommen Die Partykumpels, zu denen sich die DJs Man at Arms, Tiko und Ru:Sick zusammengeschlossen haben. Das Trio deckt ein breites Spektrum ab \u2013 von Techno \u00fcber House bis zu melodischen Sounds.<\/p>\n<p>Besucher k\u00f6nnen f\u00fcr das Festival spenden<\/p>\n<p>Das SunsetPicknick findet am 6. September von 15 bis 23 Uhr statt. Der Eintritt ist frei. Mittels eines QR-Codes k\u00f6nnen die Besucher jedoch vor Ort einen Beitrag ihrer Wahl spenden, um das Festival zu unterst\u00fctzen.<\/p>\n","protected":false},"excerpt":{"rendered":"SunsetPicknick auf der Halde Hoheward Diese DJs stehen bei der Party an den Plattentellern Andr\u00e9 Przybyl Redakteur International&hellip;\n","protected":false},"author":2,"featured_media":347712,"comment_status":"","ping_status":"","sticky":false,"template":"","format":"standard","meta":{"footnotes":""},"categories":[1848],"tags":[3364,29,548,663,3934,3658,30,13,14,15,1209,12,96908,6185],"class_list":{"0":"post-347711","1":"post","2":"type-post","3":"status-publish","4":"format-standard","5":"has-post-thumbnail","7":"category-gelsenkirchen","8":"tag-de","9":"tag-deutschland","10":"tag-eu","11":"tag-europa","12":"tag-europe","13":"tag-gelsenkirchen","14":"tag-germany","15":"tag-headlines","16":"tag-nachrichten","17":"tag-news","18":"tag-nordrhein-westfalen","19":"tag-schlagzeilen","20":"tag-sunsetpicknick-halde-hoheward","21":"tag-veranstaltungen-kultur"},"share_on_mastodon":{"url":"https:\/\/pubeurope.com\/@de\/115034916576176373","error":""},"_links":{"self":[{"href":"https:\/\/www.europesays.com\/de\/wp-json\/wp\/v2\/posts\/347711","targetHints":{"allow":["GET"]}}],"collection":[{"href":"https:\/\/www.europesays.com\/de\/wp-json\/wp\/v2\/posts"}],"about":[{"href":"https:\/\/www.europesays.com\/de\/wp-json\/wp\/v2\/types\/post"}],"author":[{"embeddable":true,"href":"https:\/\/www.europesays.com\/de\/wp-json\/wp\/v2\/users\/2"}],"replies":[{"embeddable":true,"href":"https:\/\/www.europesays.com\/de\/wp-json\/wp\/v2\/comments?post=347711"}],"version-history":[{"count":0,"href":"https:\/\/www.europesays.com\/de\/wp-json\/wp\/v2\/posts\/347711\/revisions"}],"wp:featuredmedia":[{"embeddable":true,"href":"https:\/\/www.europesays.com\/de\/wp-json\/wp\/v2\/media\/347712"}],"wp:attachment":[{"href":"https:\/\/www.europesays.com\/de\/wp-json\/wp\/v2\/media?parent=347711"}],"wp:term":[{"taxonomy":"category","embeddable":true,"href":"https:\/\/www.europesays.com\/de\/wp-json\/wp\/v2\/categories?post=347711"},{"taxonomy":"post_tag","embeddable":true,"href":"https:\/\/www.europesays.com\/de\/wp-json\/wp\/v2\/tags?post=347711"}],"curies":[{"name":"wp","href":"https:\/\/api.w.org\/{rel}","templated":true}]}}