{"id":348004,"date":"2025-08-16T00:12:11","date_gmt":"2025-08-16T00:12:11","guid":{"rendered":"https:\/\/www.europesays.com\/de\/348004\/"},"modified":"2025-08-16T00:12:11","modified_gmt":"2025-08-16T00:12:11","slug":"das-bieten-augsburgs-badeseen-fuer-familien","status":"publish","type":"post","link":"https:\/\/www.europesays.com\/de\/348004\/","title":{"rendered":"Das bieten Augsburgs Badeseen f\u00fcr Familien"},"content":{"rendered":"<p class=\"mb-6 text-xs md:text-m lg:text-l font-serif group-[.font-sans]:font-sans \">\n    Der Sommer ist nach <a href=\"https:\/\/www.augsburger-allgemeine.de\/augsburg\/\" target=\"_self\" class=\"underline \" rel=\"nofollow noopener\">Augsburg<\/a> zur\u00fcckgekehrt. Und so hei\u00dft es f\u00fcr viele Familien in diesen Tagen: Pack die Badehose ein &#8211; und nichts wie ab zum See. Doch wie familienfreundlich sind die Seen um Augsburg, was haben sie zu bieten, wo gibt es noch Nachholbedarf? Wir haben den Ilsesee, den Kuhsee und den Autobahnsee auf Familienfreundlichkeit gecheckt. An einem Ferientag bei 33 Grad.\n  <\/p>\n<ul data-module-id=\"DragDropModule\" class=\"flex flex-wrap justify-start group-[.no-bookmarks]:hidden\">\n<li class=\"mb-3 mr-3\">\n    Katharina Indrich<\/p>\n<p>      Icon Haken im Kreis gesetzt<\/p>\n<p>      Icon Plus im Kreis<\/p>\n<\/li>\n<li class=\"mb-3 mr-3\">\n    Augsburg<\/p>\n<p>      Icon Haken im Kreis gesetzt<\/p>\n<p>      Icon Plus im Kreis<\/p>\n<\/li>\n<li class=\"mb-3 mr-3\">\n    Ilsesee<\/p>\n<p>      Icon Haken im Kreis gesetzt<\/p>\n<p>      Icon Plus im Kreis<\/p>\n<\/li>\n<\/ul>\n","protected":false},"excerpt":{"rendered":"Der Sommer ist nach Augsburg zur\u00fcckgekehrt. Und so hei\u00dft es f\u00fcr viele Familien in diesen Tagen: Pack die&hellip;\n","protected":false},"author":2,"featured_media":348005,"comment_status":"","ping_status":"","sticky":false,"template":"","format":"standard","meta":{"footnotes":""},"categories":[1846],"tags":[680,772,3364,29,548,663,3934,30,13,14,15,12],"class_list":{"0":"post-348004","1":"post","2":"type-post","3":"status-publish","4":"format-standard","5":"has-post-thumbnail","7":"category-augsburg","8":"tag-augsburg","9":"tag-bayern","10":"tag-de","11":"tag-deutschland","12":"tag-eu","13":"tag-europa","14":"tag-europe","15":"tag-germany","16":"tag-headlines","17":"tag-nachrichten","18":"tag-news","19":"tag-schlagzeilen"},"share_on_mastodon":{"url":"https:\/\/pubeurope.com\/@de\/115035553491270549","error":""},"_links":{"self":[{"href":"https:\/\/www.europesays.com\/de\/wp-json\/wp\/v2\/posts\/348004","targetHints":{"allow":["GET"]}}],"collection":[{"href":"https:\/\/www.europesays.com\/de\/wp-json\/wp\/v2\/posts"}],"about":[{"href":"https:\/\/www.europesays.com\/de\/wp-json\/wp\/v2\/types\/post"}],"author":[{"embeddable":true,"href":"https:\/\/www.europesays.com\/de\/wp-json\/wp\/v2\/users\/2"}],"replies":[{"embeddable":true,"href":"https:\/\/www.europesays.com\/de\/wp-json\/wp\/v2\/comments?post=348004"}],"version-history":[{"count":0,"href":"https:\/\/www.europesays.com\/de\/wp-json\/wp\/v2\/posts\/348004\/revisions"}],"wp:featuredmedia":[{"embeddable":true,"href":"https:\/\/www.europesays.com\/de\/wp-json\/wp\/v2\/media\/348005"}],"wp:attachment":[{"href":"https:\/\/www.europesays.com\/de\/wp-json\/wp\/v2\/media?parent=348004"}],"wp:term":[{"taxonomy":"category","embeddable":true,"href":"https:\/\/www.europesays.com\/de\/wp-json\/wp\/v2\/categories?post=348004"},{"taxonomy":"post_tag","embeddable":true,"href":"https:\/\/www.europesays.com\/de\/wp-json\/wp\/v2\/tags?post=348004"}],"curies":[{"name":"wp","href":"https:\/\/api.w.org\/{rel}","templated":true}]}}